{"id":25434,"date":"2023-05-29T15:43:54","date_gmt":"2023-05-29T14:43:54","guid":{"rendered":"https:\/\/www.dexeuscampus.com\/blog\/sense-categoria\/acte-de-benvinguda-i-comiat-a-metges-residents\/"},"modified":"2023-05-30T14:53:37","modified_gmt":"2023-05-30T13:53:37","slug":"acte-benvinguda-comiat-residents-2023","status":"publish","type":"post","link":"https:\/\/www.dexeuscampus.com\/ca\/blog\/noticies\/acte-benvinguda-comiat-residents-2023\/","title":{"rendered":"Acte de benvinguda i comiat a metges residents"},"content":{"rendered":"\t\t<div data-elementor-type=\"wp-post\" data-elementor-id=\"25434\" class=\"elementor elementor-25434 elementor-25375\" data-elementor-post-type=\"post\">\n\t\t\t\t\t\t<section class=\"elementor-section elementor-top-section elementor-element elementor-element-98be5b7 elementor-section-boxed elementor-section-height-default elementor-section-height-default\" data-id=\"98be5b7\" data-element_type=\"section\" data-e-type=\"section\">\n\t\t\t\t\t\t<div class=\"elementor-container elementor-column-gap-default\">\n\t\t\t\t\t<div class=\"elementor-column elementor-col-100 elementor-top-column elementor-element elementor-element-511c7b5\" data-id=\"511c7b5\" data-element_type=\"column\" data-e-type=\"column\">\n\t\t\t<div class=\"elementor-widget-wrap elementor-element-populated\">\n\t\t\t\t\t\t<div class=\"elementor-element elementor-element-a5a21d8 elementor-widget elementor-widget-text-editor\" data-id=\"a5a21d8\" data-element_type=\"widget\" data-e-type=\"widget\" data-widget_type=\"text-editor.default\">\n\t\t\t\t<div class=\"elementor-widget-container\">\n\t\t\t\t\t\t\t\t\t<p>El dia 26 de maig va tenir lloc a l&#8217;auditori de l&#8217;Hospital Universitari Dexeus un acte per donar la benvinguda als nous metges residents (MIR) que inicien la formaci\u00f3 de la seva especialitat en el nostre centre i a l&#8217;Hospital. En el mateix acte es va dur a terme el lliurament del Diploma als MIR que enguany l\u2019han finalitzat.<\/p>\n<p>Els metges que finalitzen l&#8217;especialitat de ginecologia i obstetr\u00edcia en el nostre centre s\u00f3n la <strong>Dra. Claudia Montero Carreras<\/strong>, la <strong>Dra. Maria Pellis\u00e9 Tintor\u00e9<\/strong> i el <strong>Dr. Manuel S\u00e1nchez Prieto<\/strong>.<\/p>\n\t\t\t\t\t\t\t\t<\/div>\n\t\t\t\t<\/div>\n\t\t\t\t\t<\/div>\n\t\t<\/div>\n\t\t\t\t\t<\/div>\n\t\t<\/section>\n\t\t\t\t<section class=\"elementor-section elementor-top-section elementor-element elementor-element-1b76584 elementor-section-boxed elementor-section-height-default elementor-section-height-default\" data-id=\"1b76584\" data-element_type=\"section\" data-e-type=\"section\">\n\t\t\t\t\t\t<div class=\"elementor-container elementor-column-gap-default\">\n\t\t\t\t\t<div class=\"elementor-column elementor-col-100 elementor-top-column elementor-element elementor-element-e2ee7dd\" data-id=\"e2ee7dd\" data-element_type=\"column\" data-e-type=\"column\">\n\t\t\t<div class=\"elementor-widget-wrap elementor-element-populated\">\n\t\t\t\t\t\t<div class=\"elementor-element elementor-element-872a6bd elementor-widget elementor-widget-image\" data-id=\"872a6bd\" data-element_type=\"widget\" data-e-type=\"widget\" data-widget_type=\"image.default\">\n\t\t\t\t<div class=\"elementor-widget-container\">\n\t\t\t\t\t\t\t\t\t\t\t\t<figure class=\"wp-caption\">\n\t\t\t\t\t\t\t\t\t\t<img fetchpriority=\"high\" decoding=\"async\" width=\"800\" height=\"567\" src=\"https:\/\/www.dexeuscampus.com\/wp-content\/uploads\/2023\/05\/MIR-bienvenida-despedida-2023-01-1024x726.jpg\" class=\"attachment-large size-large wp-image-25378\" alt=\"Foto grupo m\u00e9dicos residentes que inician y finalizan su formaci\u00f3n (2023)\" srcset=\"https:\/\/www.dexeuscampus.com\/wp-content\/uploads\/2023\/05\/MIR-bienvenida-despedida-2023-01-1024x726.jpg 1024w, https:\/\/www.dexeuscampus.com\/wp-content\/uploads\/2023\/05\/MIR-bienvenida-despedida-2023-01-300x213.jpg 300w, https:\/\/www.dexeuscampus.com\/wp-content\/uploads\/2023\/05\/MIR-bienvenida-despedida-2023-01-768x545.jpg 768w, https:\/\/www.dexeuscampus.com\/wp-content\/uploads\/2023\/05\/MIR-bienvenida-despedida-2023-01-600x426.jpg 600w, https:\/\/www.dexeuscampus.com\/wp-content\/uploads\/2023\/05\/MIR-bienvenida-despedida-2023-01.jpg 1200w\" sizes=\"(max-width: 800px) 100vw, 800px\" \/>\t\t\t\t\t\t\t\t\t\t\t<figcaption class=\"widget-image-caption wp-caption-text\">Grup dels metges residents que inicien i finalitzen la seva formaci\u00f3<\/figcaption>\n\t\t\t\t\t\t\t\t\t\t<\/figure>\n\t\t\t\t\t\t\t\t\t<\/div>\n\t\t\t\t<\/div>\n\t\t\t\t\t<\/div>\n\t\t<\/div>\n\t\t\t\t\t<\/div>\n\t\t<\/section>\n\t\t\t\t<section class=\"elementor-section elementor-top-section elementor-element elementor-element-04041f0 elementor-section-boxed elementor-section-height-default elementor-section-height-default\" data-id=\"04041f0\" data-element_type=\"section\" data-e-type=\"section\">\n\t\t\t\t\t\t<div class=\"elementor-container elementor-column-gap-default\">\n\t\t\t\t\t<div class=\"elementor-column elementor-col-100 elementor-top-column elementor-element elementor-element-7278f9c\" data-id=\"7278f9c\" data-element_type=\"column\" data-e-type=\"column\">\n\t\t\t<div class=\"elementor-widget-wrap elementor-element-populated\">\n\t\t\t\t\t\t<div class=\"elementor-element elementor-element-48e023f elementor-widget elementor-widget-text-editor\" data-id=\"48e023f\" data-element_type=\"widget\" data-e-type=\"widget\" data-widget_type=\"text-editor.default\">\n\t\t\t\t<div class=\"elementor-widget-container\">\n\t\t\t\t\t\t\t\t\t<p>Els nous metges residents que cursaran l&#8217;especialitat d&#8217;Obstetr\u00edcia i Ginecologia s\u00f3n els <strong>doctors<\/strong> <strong>Roberto Pino, Patricia D\u00edaz i Laura Ribot<\/strong>.<\/p>\n\t\t\t\t\t\t\t\t<\/div>\n\t\t\t\t<\/div>\n\t\t\t\t<div class=\"elementor-element elementor-element-5f8600e elementor-widget elementor-widget-image\" data-id=\"5f8600e\" data-element_type=\"widget\" data-e-type=\"widget\" data-widget_type=\"image.default\">\n\t\t\t\t<div class=\"elementor-widget-container\">\n\t\t\t\t\t\t\t\t\t\t\t\t<figure class=\"wp-caption\">\n\t\t\t\t\t\t\t\t\t\t<img decoding=\"async\" width=\"800\" height=\"580\" src=\"https:\/\/www.dexeuscampus.com\/wp-content\/uploads\/2023\/05\/MIR-bienvenida-despedida-2023-02-1024x742.jpg\" class=\"attachment-large size-large wp-image-25391\" alt=\"M\u00e9dicos que inician su formaci\u00f3n en Obstetricia y Ginecolog\u00eda (2023)\" srcset=\"https:\/\/www.dexeuscampus.com\/wp-content\/uploads\/2023\/05\/MIR-bienvenida-despedida-2023-02-1024x742.jpg 1024w, https:\/\/www.dexeuscampus.com\/wp-content\/uploads\/2023\/05\/MIR-bienvenida-despedida-2023-02-300x218.jpg 300w, https:\/\/www.dexeuscampus.com\/wp-content\/uploads\/2023\/05\/MIR-bienvenida-despedida-2023-02-768x557.jpg 768w, https:\/\/www.dexeuscampus.com\/wp-content\/uploads\/2023\/05\/MIR-bienvenida-despedida-2023-02-600x435.jpg 600w, https:\/\/www.dexeuscampus.com\/wp-content\/uploads\/2023\/05\/MIR-bienvenida-despedida-2023-02.jpg 1200w\" sizes=\"(max-width: 800px) 100vw, 800px\" \/>\t\t\t\t\t\t\t\t\t\t\t<figcaption class=\"widget-image-caption wp-caption-text\">Metges que inicien la seva formaci\u00f3 en Obstetr\u00edcia i Ginecologia<\/figcaption>\n\t\t\t\t\t\t\t\t\t\t<\/figure>\n\t\t\t\t\t\t\t\t\t<\/div>\n\t\t\t\t<\/div>\n\t\t\t\t\t<\/div>\n\t\t<\/div>\n\t\t\t\t\t<\/div>\n\t\t<\/section>\n\t\t\t\t<section class=\"elementor-section elementor-top-section elementor-element elementor-element-c80775e elementor-section-boxed elementor-section-height-default elementor-section-height-default\" data-id=\"c80775e\" data-element_type=\"section\" data-e-type=\"section\">\n\t\t\t\t\t\t<div class=\"elementor-container elementor-column-gap-default\">\n\t\t\t\t\t<div class=\"elementor-column elementor-col-100 elementor-top-column elementor-element elementor-element-ef996df\" data-id=\"ef996df\" data-element_type=\"column\" data-e-type=\"column\">\n\t\t\t<div class=\"elementor-widget-wrap elementor-element-populated\">\n\t\t\t\t\t\t<div class=\"elementor-element elementor-element-86f21bd elementor-widget elementor-widget-text-editor\" data-id=\"86f21bd\" data-element_type=\"widget\" data-e-type=\"widget\" data-widget_type=\"text-editor.default\">\n\t\t\t\t<div class=\"elementor-widget-container\">\n\t\t\t\t\t\t\t\t\t<p>Els altres MIR que s&#8217;incorporen enguany s\u00f3n la <strong>Dra. Mar\u00eda Mart\u00ednez Morales<\/strong> (Anestesiologia i Reanimaci\u00f3) i el <strong>Dr. Hugo Stevens Rojas<\/strong> (Cirurgia ortop\u00e8dica i Traumatologia).<\/p>\n<p>Durant la jornada es van lliurar els <strong>Premis de la Comissi\u00f3 de Doc\u00e8ncia<\/strong>. Les guardonades van ser la citot\u00e8cnica <strong>Miriam Castella<\/strong> pel seu treball \u201c<em>Met\u00e0stasi axil\u00b7lar d\u2019adenocarcinoma ser\u00f3s d\u2019alt grau ov\u00e0ric<\/em>\u201d, en la categoria de Revista Nacional, i <strong>Laura Abella<\/strong>, resident de 5 anys d&#8217;Anestesiologia, per \u201c<em>Maternal Blood Levels in Gestacional Diabetes 2 Mellitus are Birthweight, Gender and Delivery Mode 3 Dependent<\/em>\u201d en la categoria de Revista Internacional.<\/p>\n\t\t\t\t\t\t\t\t<\/div>\n\t\t\t\t<\/div>\n\t\t\t\t\t<\/div>\n\t\t<\/div>\n\t\t\t\t\t<\/div>\n\t\t<\/section>\n\t\t\t\t<section class=\"elementor-section elementor-top-section elementor-element elementor-element-50179e7 elementor-section-boxed elementor-section-height-default elementor-section-height-default\" data-id=\"50179e7\" data-element_type=\"section\" data-e-type=\"section\">\n\t\t\t\t\t\t<div class=\"elementor-container elementor-column-gap-default\">\n\t\t\t\t\t<div class=\"elementor-column elementor-col-100 elementor-top-column elementor-element elementor-element-e265536\" data-id=\"e265536\" data-element_type=\"column\" data-e-type=\"column\">\n\t\t\t<div class=\"elementor-widget-wrap elementor-element-populated\">\n\t\t\t\t\t\t<section class=\"elementor-section elementor-inner-section elementor-element elementor-element-6e0056b elementor-section-boxed elementor-section-height-default elementor-section-height-default\" data-id=\"6e0056b\" data-element_type=\"section\" data-e-type=\"section\">\n\t\t\t\t\t\t<div class=\"elementor-container elementor-column-gap-default\">\n\t\t\t\t\t<div class=\"elementor-column elementor-col-50 elementor-inner-column elementor-element elementor-element-a8f54c2\" data-id=\"a8f54c2\" data-element_type=\"column\" data-e-type=\"column\">\n\t\t\t<div class=\"elementor-widget-wrap elementor-element-populated\">\n\t\t\t\t\t\t<div class=\"elementor-element elementor-element-b33fcc8 elementor-widget elementor-widget-image\" data-id=\"b33fcc8\" data-element_type=\"widget\" data-e-type=\"widget\" data-widget_type=\"image.default\">\n\t\t\t\t<div class=\"elementor-widget-container\">\n\t\t\t\t\t\t\t\t\t\t\t\t<figure class=\"wp-caption\">\n\t\t\t\t\t\t\t\t\t\t<img decoding=\"async\" width=\"800\" height=\"587\" src=\"https:\/\/www.dexeuscampus.com\/wp-content\/uploads\/2023\/05\/MIR-bienvenida-despedida-2023-03-1024x751.jpg\" class=\"attachment-large size-large wp-image-25394\" alt=\"Miriam Castell\u00e1, Premio Revista Nacional\" srcset=\"https:\/\/www.dexeuscampus.com\/wp-content\/uploads\/2023\/05\/MIR-bienvenida-despedida-2023-03-1024x751.jpg 1024w, https:\/\/www.dexeuscampus.com\/wp-content\/uploads\/2023\/05\/MIR-bienvenida-despedida-2023-03-300x220.jpg 300w, https:\/\/www.dexeuscampus.com\/wp-content\/uploads\/2023\/05\/MIR-bienvenida-despedida-2023-03-768x563.jpg 768w, https:\/\/www.dexeuscampus.com\/wp-content\/uploads\/2023\/05\/MIR-bienvenida-despedida-2023-03-600x440.jpg 600w, https:\/\/www.dexeuscampus.com\/wp-content\/uploads\/2023\/05\/MIR-bienvenida-despedida-2023-03.jpg 1200w\" sizes=\"(max-width: 800px) 100vw, 800px\" \/>\t\t\t\t\t\t\t\t\t\t\t<figcaption class=\"widget-image-caption wp-caption-text\">Miriam Castella, Premi Revista Nacional<\/figcaption>\n\t\t\t\t\t\t\t\t\t\t<\/figure>\n\t\t\t\t\t\t\t\t\t<\/div>\n\t\t\t\t<\/div>\n\t\t\t\t\t<\/div>\n\t\t<\/div>\n\t\t\t\t<div class=\"elementor-column elementor-col-50 elementor-inner-column elementor-element elementor-element-f26a914\" data-id=\"f26a914\" data-element_type=\"column\" data-e-type=\"column\">\n\t\t\t<div class=\"elementor-widget-wrap elementor-element-populated\">\n\t\t\t\t\t\t<div class=\"elementor-element elementor-element-d8a4871 elementor-widget elementor-widget-image\" data-id=\"d8a4871\" data-element_type=\"widget\" data-e-type=\"widget\" data-widget_type=\"image.default\">\n\t\t\t\t<div class=\"elementor-widget-container\">\n\t\t\t\t\t\t\t\t\t\t\t\t<figure class=\"wp-caption\">\n\t\t\t\t\t\t\t\t\t\t<img loading=\"lazy\" decoding=\"async\" width=\"800\" height=\"587\" src=\"https:\/\/www.dexeuscampus.com\/wp-content\/uploads\/2023\/05\/MIR-bienvenida-despedida-2023-04-1024x751.jpg\" class=\"attachment-large size-large wp-image-25397\" alt=\"Laura Abella, premio Revista Internacional\" srcset=\"https:\/\/www.dexeuscampus.com\/wp-content\/uploads\/2023\/05\/MIR-bienvenida-despedida-2023-04-1024x751.jpg 1024w, https:\/\/www.dexeuscampus.com\/wp-content\/uploads\/2023\/05\/MIR-bienvenida-despedida-2023-04-300x220.jpg 300w, https:\/\/www.dexeuscampus.com\/wp-content\/uploads\/2023\/05\/MIR-bienvenida-despedida-2023-04-768x563.jpg 768w, https:\/\/www.dexeuscampus.com\/wp-content\/uploads\/2023\/05\/MIR-bienvenida-despedida-2023-04-600x440.jpg 600w, https:\/\/www.dexeuscampus.com\/wp-content\/uploads\/2023\/05\/MIR-bienvenida-despedida-2023-04.jpg 1200w\" sizes=\"(max-width: 800px) 100vw, 800px\" \/>\t\t\t\t\t\t\t\t\t\t\t<figcaption class=\"widget-image-caption wp-caption-text\">Laura Abella, Premi Revista Internacional<\/figcaption>\n\t\t\t\t\t\t\t\t\t\t<\/figure>\n\t\t\t\t\t\t\t\t\t<\/div>\n\t\t\t\t<\/div>\n\t\t\t\t\t<\/div>\n\t\t<\/div>\n\t\t\t\t\t<\/div>\n\t\t<\/section>\n\t\t\t\t\t<\/div>\n\t\t<\/div>\n\t\t\t\t\t<\/div>\n\t\t<\/section>\n\t\t\t\t<section class=\"elementor-section elementor-top-section elementor-element elementor-element-9ff0387 elementor-section-boxed elementor-section-height-default elementor-section-height-default\" data-id=\"9ff0387\" data-element_type=\"section\" data-e-type=\"section\">\n\t\t\t\t\t\t<div class=\"elementor-container elementor-column-gap-default\">\n\t\t\t\t\t<div class=\"elementor-column elementor-col-100 elementor-top-column elementor-element elementor-element-fd42dda\" data-id=\"fd42dda\" data-element_type=\"column\" data-e-type=\"column\">\n\t\t\t<div class=\"elementor-widget-wrap elementor-element-populated\">\n\t\t\t\t\t\t<div class=\"elementor-element elementor-element-79f6983 elementor-widget elementor-widget-text-editor\" data-id=\"79f6983\" data-element_type=\"widget\" data-e-type=\"widget\" data-widget_type=\"text-editor.default\">\n\t\t\t\t<div class=\"elementor-widget-container\">\n\t\t\t\t\t\t\t\t\t<p>L&#8217;acte va comptar amb la pres\u00e8ncia de la <strong>Dra. N\u00faria Sol\u00e9<\/strong> en representaci\u00f3 de la Direcci\u00f3 de l&#8217;Hospital Universitari Dexeus del Grup Quironsalud, aix\u00ed com de membres de l&#8217;equip Directiu de Dexeus Dona.<\/p>\n<p>Va ser inaugurat per la <strong>Dra. Rosa Borr\u00e0s<\/strong>, presidenta de la Comissi\u00f3 de Doc\u00e8ncia i Cap d&#8217;Estudis, i clausurat pel <strong>Dr. Vicente Molina<\/strong>, que va impartir la confer\u00e8ncia magistral: \u201cSer metge avui\u201d.<\/p>\n\t\t\t\t\t\t\t\t<\/div>\n\t\t\t\t<\/div>\n\t\t\t\t\t<\/div>\n\t\t<\/div>\n\t\t\t\t\t<\/div>\n\t\t<\/section>\n\t\t\t\t<\/div>\n\t\t","protected":false},"excerpt":{"rendered":"<p>El dia 26 de maig va tenir lloc a l&#8217;auditori de l&#8217;Hospital Universitari Dexeus un acte per donar la benvinguda als nous metges residents (MIR) que inicien la formaci\u00f3 de la seva especialitat en el nostre centre i a l&#8217;Hospital. En el mateix acte es va dur a terme el lliurament del Diploma als MIR que enguany l\u2019han finalitzat.<\/p>\n","protected":false},"author":3,"featured_media":25378,"comment_status":"closed","ping_status":"closed","sticky":false,"template":"","format":"standard","meta":{"footnotes":""},"categories":[202],"tags":[],"class_list":["post-25434","post","type-post","status-publish","format-standard","has-post-thumbnail","hentry","category-noticies"],"yoast_head":"<!-- This site is optimized with the Yoast SEO plugin v27.5 - https:\/\/yoast.com\/product\/yoast-seo-wordpress\/ -->\n<title>Acte de benvinguda i comiat a metges residents - Dexeus Campus<\/title>\n<meta name=\"description\" content=\"El dia 26 de maig va tenir lloc a l&#039;auditori de l&#039;Hospital Universitari Dexeus un acte per donar la benvinguda als nous metges residents (MIR) que inicien la formaci\u00f3 de la seva especialitat en el nostre centre i a l&#039;Hospital. En el mateix acte es va dur a terme el lliurament del Diploma als MIR que enguany l\u2019han finalitzat.\" \/>\n<meta name=\"robots\" content=\"index, follow, max-snippet:-1, max-image-preview:large, max-video-preview:-1\" \/>\n<link rel=\"canonical\" href=\"https:\/\/www.dexeuscampus.com\/ca\/blog\/noticies\/acte-benvinguda-comiat-residents-2023\/\" \/>\n<meta property=\"og:locale\" content=\"ca_ES\" \/>\n<meta property=\"og:type\" content=\"article\" \/>\n<meta property=\"og:title\" content=\"Acte de benvinguda i comiat a metges residents - Dexeus Campus\" \/>\n<meta property=\"og:description\" content=\"El dia 26 de maig va tenir lloc a l&#039;auditori de l&#039;Hospital Universitari Dexeus un acte per donar la benvinguda als nous metges residents (MIR) que inicien la formaci\u00f3 de la seva especialitat en el nostre centre i a l&#039;Hospital. En el mateix acte es va dur a terme el lliurament del Diploma als MIR que enguany l\u2019han finalitzat.\" \/>\n<meta property=\"og:url\" content=\"https:\/\/www.dexeuscampus.com\/ca\/blog\/noticies\/acte-benvinguda-comiat-residents-2023\/\" \/>\n<meta property=\"og:site_name\" content=\"Dexeus Campus\" \/>\n<meta property=\"article:publisher\" content=\"https:\/\/www.facebook.com\/CampusDexeus\" \/>\n<meta property=\"article:published_time\" content=\"2023-05-29T14:43:54+00:00\" \/>\n<meta property=\"article:modified_time\" content=\"2023-05-30T13:53:37+00:00\" \/>\n<meta property=\"og:image\" content=\"https:\/\/www.dexeuscampus.com\/wp-content\/uploads\/2023\/05\/MIR-bienvenida-despedida-2023-01.jpg\" \/>\n\t<meta property=\"og:image:width\" content=\"1200\" \/>\n\t<meta property=\"og:image:height\" content=\"851\" \/>\n\t<meta property=\"og:image:type\" content=\"image\/jpeg\" \/>\n<meta name=\"author\" content=\"Daniel G\u00e1miz Rivas\" \/>\n<meta name=\"twitter:card\" content=\"summary_large_image\" \/>\n<meta name=\"twitter:creator\" content=\"@DexeusCampus\" \/>\n<meta name=\"twitter:site\" content=\"@DexeusCampus\" \/>\n<meta name=\"twitter:label1\" content=\"Escrit per\" \/>\n\t<meta name=\"twitter:data1\" content=\"Daniel G\u00e1miz Rivas\" \/>\n\t<meta name=\"twitter:label2\" content=\"Temps estimat de lectura\" \/>\n\t<meta name=\"twitter:data2\" content=\"2 minuts\" \/>\n<script type=\"application\/ld+json\" class=\"yoast-schema-graph\">{\"@context\":\"https:\\\/\\\/schema.org\",\"@graph\":[{\"@type\":\"Article\",\"@id\":\"https:\\\/\\\/www.dexeuscampus.com\\\/ca\\\/blog\\\/noticies\\\/acte-benvinguda-comiat-residents-2023\\\/#article\",\"isPartOf\":{\"@id\":\"https:\\\/\\\/www.dexeuscampus.com\\\/ca\\\/blog\\\/noticies\\\/acte-benvinguda-comiat-residents-2023\\\/\"},\"author\":{\"name\":\"Daniel G\u00e1miz Rivas\",\"@id\":\"https:\\\/\\\/www.dexeuscampus.com\\\/ca\\\/#\\\/schema\\\/person\\\/48ba4a583d4098b26216190def081203\"},\"headline\":\"Acte de benvinguda i comiat a metges residents\",\"datePublished\":\"2023-05-29T14:43:54+00:00\",\"dateModified\":\"2023-05-30T13:53:37+00:00\",\"mainEntityOfPage\":{\"@id\":\"https:\\\/\\\/www.dexeuscampus.com\\\/ca\\\/blog\\\/noticies\\\/acte-benvinguda-comiat-residents-2023\\\/\"},\"wordCount\":327,\"publisher\":{\"@id\":\"https:\\\/\\\/www.dexeuscampus.com\\\/ca\\\/#organization\"},\"image\":{\"@id\":\"https:\\\/\\\/www.dexeuscampus.com\\\/ca\\\/blog\\\/noticies\\\/acte-benvinguda-comiat-residents-2023\\\/#primaryimage\"},\"thumbnailUrl\":\"https:\\\/\\\/www.dexeuscampus.com\\\/wp-content\\\/uploads\\\/2023\\\/05\\\/MIR-bienvenida-despedida-2023-01.jpg\",\"articleSection\":[\"Not\u00edcies\"],\"inLanguage\":\"ca\"},{\"@type\":\"WebPage\",\"@id\":\"https:\\\/\\\/www.dexeuscampus.com\\\/ca\\\/blog\\\/noticies\\\/acte-benvinguda-comiat-residents-2023\\\/\",\"url\":\"https:\\\/\\\/www.dexeuscampus.com\\\/ca\\\/blog\\\/noticies\\\/acte-benvinguda-comiat-residents-2023\\\/\",\"name\":\"Acte de benvinguda i comiat a metges residents - Dexeus Campus\",\"isPartOf\":{\"@id\":\"https:\\\/\\\/www.dexeuscampus.com\\\/ca\\\/#website\"},\"primaryImageOfPage\":{\"@id\":\"https:\\\/\\\/www.dexeuscampus.com\\\/ca\\\/blog\\\/noticies\\\/acte-benvinguda-comiat-residents-2023\\\/#primaryimage\"},\"image\":{\"@id\":\"https:\\\/\\\/www.dexeuscampus.com\\\/ca\\\/blog\\\/noticies\\\/acte-benvinguda-comiat-residents-2023\\\/#primaryimage\"},\"thumbnailUrl\":\"https:\\\/\\\/www.dexeuscampus.com\\\/wp-content\\\/uploads\\\/2023\\\/05\\\/MIR-bienvenida-despedida-2023-01.jpg\",\"datePublished\":\"2023-05-29T14:43:54+00:00\",\"dateModified\":\"2023-05-30T13:53:37+00:00\",\"description\":\"El dia 26 de maig va tenir lloc a l'auditori de l'Hospital Universitari Dexeus un acte per donar la benvinguda als nous metges residents (MIR) que inicien la formaci\u00f3 de la seva especialitat en el nostre centre i a l'Hospital. En el mateix acte es va dur a terme el lliurament del Diploma als MIR que enguany l\u2019han finalitzat.\",\"breadcrumb\":{\"@id\":\"https:\\\/\\\/www.dexeuscampus.com\\\/ca\\\/blog\\\/noticies\\\/acte-benvinguda-comiat-residents-2023\\\/#breadcrumb\"},\"inLanguage\":\"ca\",\"potentialAction\":[{\"@type\":\"ReadAction\",\"target\":[\"https:\\\/\\\/www.dexeuscampus.com\\\/ca\\\/blog\\\/noticies\\\/acte-benvinguda-comiat-residents-2023\\\/\"]}]},{\"@type\":\"ImageObject\",\"inLanguage\":\"ca\",\"@id\":\"https:\\\/\\\/www.dexeuscampus.com\\\/ca\\\/blog\\\/noticies\\\/acte-benvinguda-comiat-residents-2023\\\/#primaryimage\",\"url\":\"https:\\\/\\\/www.dexeuscampus.com\\\/wp-content\\\/uploads\\\/2023\\\/05\\\/MIR-bienvenida-despedida-2023-01.jpg\",\"contentUrl\":\"https:\\\/\\\/www.dexeuscampus.com\\\/wp-content\\\/uploads\\\/2023\\\/05\\\/MIR-bienvenida-despedida-2023-01.jpg\",\"width\":1200,\"height\":851,\"caption\":\"Foto grupo m\u00e9dicos residentes que inician y finalizan su formaci\u00f3n (2023)\"},{\"@type\":\"BreadcrumbList\",\"@id\":\"https:\\\/\\\/www.dexeuscampus.com\\\/ca\\\/blog\\\/noticies\\\/acte-benvinguda-comiat-residents-2023\\\/#breadcrumb\",\"itemListElement\":[{\"@type\":\"ListItem\",\"position\":1,\"name\":\"Portada\",\"item\":\"https:\\\/\\\/www.dexeuscampus.com\\\/ca\\\/inici\\\/\"},{\"@type\":\"ListItem\",\"position\":2,\"name\":\"Acte de benvinguda i comiat a metges residents\"}]},{\"@type\":\"WebSite\",\"@id\":\"https:\\\/\\\/www.dexeuscampus.com\\\/ca\\\/#website\",\"url\":\"https:\\\/\\\/www.dexeuscampus.com\\\/ca\\\/\",\"name\":\"Dexeus Campus\",\"description\":\"Plataforma online dirigida a los profesionales especializados en obstetricia, ginecolog\u00eda y reproducci\u00f3n\",\"publisher\":{\"@id\":\"https:\\\/\\\/www.dexeuscampus.com\\\/ca\\\/#organization\"},\"potentialAction\":[{\"@type\":\"SearchAction\",\"target\":{\"@type\":\"EntryPoint\",\"urlTemplate\":\"https:\\\/\\\/www.dexeuscampus.com\\\/ca\\\/?s={search_term_string}\"},\"query-input\":{\"@type\":\"PropertyValueSpecification\",\"valueRequired\":true,\"valueName\":\"search_term_string\"}}],\"inLanguage\":\"ca\"},{\"@type\":\"Organization\",\"@id\":\"https:\\\/\\\/www.dexeuscampus.com\\\/ca\\\/#organization\",\"name\":\"DEXEUS CAMPUS. FUNDACI\u00d3 DEXEUS DONA\",\"url\":\"https:\\\/\\\/www.dexeuscampus.com\\\/ca\\\/\",\"logo\":{\"@type\":\"ImageObject\",\"inLanguage\":\"ca\",\"@id\":\"https:\\\/\\\/www.dexeuscampus.com\\\/ca\\\/#\\\/schema\\\/logo\\\/image\\\/\",\"url\":\"https:\\\/\\\/www.dexeuscampus.com\\\/wp-content\\\/uploads\\\/2021\\\/03\\\/Logo-Campus-Dexeus.png\",\"contentUrl\":\"https:\\\/\\\/www.dexeuscampus.com\\\/wp-content\\\/uploads\\\/2021\\\/03\\\/Logo-Campus-Dexeus.png\",\"width\":2068,\"height\":1773,\"caption\":\"DEXEUS CAMPUS. FUNDACI\u00d3 DEXEUS DONA\"},\"image\":{\"@id\":\"https:\\\/\\\/www.dexeuscampus.com\\\/ca\\\/#\\\/schema\\\/logo\\\/image\\\/\"},\"sameAs\":[\"https:\\\/\\\/www.facebook.com\\\/CampusDexeus\",\"https:\\\/\\\/x.com\\\/DexeusCampus\",\"https:\\\/\\\/www.youtube.com\\\/user\\\/DexeusCampus\",\"https:\\\/\\\/vimeo.com\\\/dexeuscampus\",\"https:\\\/\\\/www.linkedin.com\\\/company\\\/dexeusmujer\"]},{\"@type\":\"Person\",\"@id\":\"https:\\\/\\\/www.dexeuscampus.com\\\/ca\\\/#\\\/schema\\\/person\\\/48ba4a583d4098b26216190def081203\",\"name\":\"Daniel G\u00e1miz Rivas\",\"image\":{\"@type\":\"ImageObject\",\"inLanguage\":\"ca\",\"@id\":\"https:\\\/\\\/secure.gravatar.com\\\/avatar\\\/ac09a2b52d2985df5c98037a598fc78645cf024b1bd4638efd8ed48aad3f18c6?s=96&d=mm&r=g\",\"url\":\"https:\\\/\\\/secure.gravatar.com\\\/avatar\\\/ac09a2b52d2985df5c98037a598fc78645cf024b1bd4638efd8ed48aad3f18c6?s=96&d=mm&r=g\",\"contentUrl\":\"https:\\\/\\\/secure.gravatar.com\\\/avatar\\\/ac09a2b52d2985df5c98037a598fc78645cf024b1bd4638efd8ed48aad3f18c6?s=96&d=mm&r=g\",\"caption\":\"Daniel G\u00e1miz Rivas\"}}]}<\/script>\n<!-- \/ Yoast SEO plugin. -->","yoast_head_json":{"title":"Acte de benvinguda i comiat a metges residents - Dexeus Campus","description":"El dia 26 de maig va tenir lloc a l'auditori de l'Hospital Universitari Dexeus un acte per donar la benvinguda als nous metges residents (MIR) que inicien la formaci\u00f3 de la seva especialitat en el nostre centre i a l'Hospital. En el mateix acte es va dur a terme el lliurament del Diploma als MIR que enguany l\u2019han finalitzat.","robots":{"index":"index","follow":"follow","max-snippet":"max-snippet:-1","max-image-preview":"max-image-preview:large","max-video-preview":"max-video-preview:-1"},"canonical":"https:\/\/www.dexeuscampus.com\/ca\/blog\/noticies\/acte-benvinguda-comiat-residents-2023\/","og_locale":"ca_ES","og_type":"article","og_title":"Acte de benvinguda i comiat a metges residents - Dexeus Campus","og_description":"El dia 26 de maig va tenir lloc a l'auditori de l'Hospital Universitari Dexeus un acte per donar la benvinguda als nous metges residents (MIR) que inicien la formaci\u00f3 de la seva especialitat en el nostre centre i a l'Hospital. En el mateix acte es va dur a terme el lliurament del Diploma als MIR que enguany l\u2019han finalitzat.","og_url":"https:\/\/www.dexeuscampus.com\/ca\/blog\/noticies\/acte-benvinguda-comiat-residents-2023\/","og_site_name":"Dexeus Campus","article_publisher":"https:\/\/www.facebook.com\/CampusDexeus","article_published_time":"2023-05-29T14:43:54+00:00","article_modified_time":"2023-05-30T13:53:37+00:00","og_image":[{"width":1200,"height":851,"url":"https:\/\/www.dexeuscampus.com\/wp-content\/uploads\/2023\/05\/MIR-bienvenida-despedida-2023-01.jpg","type":"image\/jpeg"}],"author":"Daniel G\u00e1miz Rivas","twitter_card":"summary_large_image","twitter_creator":"@DexeusCampus","twitter_site":"@DexeusCampus","twitter_misc":{"Escrit per":"Daniel G\u00e1miz Rivas","Temps estimat de lectura":"2 minuts"},"schema":{"@context":"https:\/\/schema.org","@graph":[{"@type":"Article","@id":"https:\/\/www.dexeuscampus.com\/ca\/blog\/noticies\/acte-benvinguda-comiat-residents-2023\/#article","isPartOf":{"@id":"https:\/\/www.dexeuscampus.com\/ca\/blog\/noticies\/acte-benvinguda-comiat-residents-2023\/"},"author":{"name":"Daniel G\u00e1miz Rivas","@id":"https:\/\/www.dexeuscampus.com\/ca\/#\/schema\/person\/48ba4a583d4098b26216190def081203"},"headline":"Acte de benvinguda i comiat a metges residents","datePublished":"2023-05-29T14:43:54+00:00","dateModified":"2023-05-30T13:53:37+00:00","mainEntityOfPage":{"@id":"https:\/\/www.dexeuscampus.com\/ca\/blog\/noticies\/acte-benvinguda-comiat-residents-2023\/"},"wordCount":327,"publisher":{"@id":"https:\/\/www.dexeuscampus.com\/ca\/#organization"},"image":{"@id":"https:\/\/www.dexeuscampus.com\/ca\/blog\/noticies\/acte-benvinguda-comiat-residents-2023\/#primaryimage"},"thumbnailUrl":"https:\/\/www.dexeuscampus.com\/wp-content\/uploads\/2023\/05\/MIR-bienvenida-despedida-2023-01.jpg","articleSection":["Not\u00edcies"],"inLanguage":"ca"},{"@type":"WebPage","@id":"https:\/\/www.dexeuscampus.com\/ca\/blog\/noticies\/acte-benvinguda-comiat-residents-2023\/","url":"https:\/\/www.dexeuscampus.com\/ca\/blog\/noticies\/acte-benvinguda-comiat-residents-2023\/","name":"Acte de benvinguda i comiat a metges residents - Dexeus Campus","isPartOf":{"@id":"https:\/\/www.dexeuscampus.com\/ca\/#website"},"primaryImageOfPage":{"@id":"https:\/\/www.dexeuscampus.com\/ca\/blog\/noticies\/acte-benvinguda-comiat-residents-2023\/#primaryimage"},"image":{"@id":"https:\/\/www.dexeuscampus.com\/ca\/blog\/noticies\/acte-benvinguda-comiat-residents-2023\/#primaryimage"},"thumbnailUrl":"https:\/\/www.dexeuscampus.com\/wp-content\/uploads\/2023\/05\/MIR-bienvenida-despedida-2023-01.jpg","datePublished":"2023-05-29T14:43:54+00:00","dateModified":"2023-05-30T13:53:37+00:00","description":"El dia 26 de maig va tenir lloc a l'auditori de l'Hospital Universitari Dexeus un acte per donar la benvinguda als nous metges residents (MIR) que inicien la formaci\u00f3 de la seva especialitat en el nostre centre i a l'Hospital. En el mateix acte es va dur a terme el lliurament del Diploma als MIR que enguany l\u2019han finalitzat.","breadcrumb":{"@id":"https:\/\/www.dexeuscampus.com\/ca\/blog\/noticies\/acte-benvinguda-comiat-residents-2023\/#breadcrumb"},"inLanguage":"ca","potentialAction":[{"@type":"ReadAction","target":["https:\/\/www.dexeuscampus.com\/ca\/blog\/noticies\/acte-benvinguda-comiat-residents-2023\/"]}]},{"@type":"ImageObject","inLanguage":"ca","@id":"https:\/\/www.dexeuscampus.com\/ca\/blog\/noticies\/acte-benvinguda-comiat-residents-2023\/#primaryimage","url":"https:\/\/www.dexeuscampus.com\/wp-content\/uploads\/2023\/05\/MIR-bienvenida-despedida-2023-01.jpg","contentUrl":"https:\/\/www.dexeuscampus.com\/wp-content\/uploads\/2023\/05\/MIR-bienvenida-despedida-2023-01.jpg","width":1200,"height":851,"caption":"Foto grupo m\u00e9dicos residentes que inician y finalizan su formaci\u00f3n (2023)"},{"@type":"BreadcrumbList","@id":"https:\/\/www.dexeuscampus.com\/ca\/blog\/noticies\/acte-benvinguda-comiat-residents-2023\/#breadcrumb","itemListElement":[{"@type":"ListItem","position":1,"name":"Portada","item":"https:\/\/www.dexeuscampus.com\/ca\/inici\/"},{"@type":"ListItem","position":2,"name":"Acte de benvinguda i comiat a metges residents"}]},{"@type":"WebSite","@id":"https:\/\/www.dexeuscampus.com\/ca\/#website","url":"https:\/\/www.dexeuscampus.com\/ca\/","name":"Dexeus Campus","description":"Plataforma online dirigida a los profesionales especializados en obstetricia, ginecolog\u00eda y reproducci\u00f3n","publisher":{"@id":"https:\/\/www.dexeuscampus.com\/ca\/#organization"},"potentialAction":[{"@type":"SearchAction","target":{"@type":"EntryPoint","urlTemplate":"https:\/\/www.dexeuscampus.com\/ca\/?s={search_term_string}"},"query-input":{"@type":"PropertyValueSpecification","valueRequired":true,"valueName":"search_term_string"}}],"inLanguage":"ca"},{"@type":"Organization","@id":"https:\/\/www.dexeuscampus.com\/ca\/#organization","name":"DEXEUS CAMPUS. FUNDACI\u00d3 DEXEUS DONA","url":"https:\/\/www.dexeuscampus.com\/ca\/","logo":{"@type":"ImageObject","inLanguage":"ca","@id":"https:\/\/www.dexeuscampus.com\/ca\/#\/schema\/logo\/image\/","url":"https:\/\/www.dexeuscampus.com\/wp-content\/uploads\/2021\/03\/Logo-Campus-Dexeus.png","contentUrl":"https:\/\/www.dexeuscampus.com\/wp-content\/uploads\/2021\/03\/Logo-Campus-Dexeus.png","width":2068,"height":1773,"caption":"DEXEUS CAMPUS. FUNDACI\u00d3 DEXEUS DONA"},"image":{"@id":"https:\/\/www.dexeuscampus.com\/ca\/#\/schema\/logo\/image\/"},"sameAs":["https:\/\/www.facebook.com\/CampusDexeus","https:\/\/x.com\/DexeusCampus","https:\/\/www.youtube.com\/user\/DexeusCampus","https:\/\/vimeo.com\/dexeuscampus","https:\/\/www.linkedin.com\/company\/dexeusmujer"]},{"@type":"Person","@id":"https:\/\/www.dexeuscampus.com\/ca\/#\/schema\/person\/48ba4a583d4098b26216190def081203","name":"Daniel G\u00e1miz Rivas","image":{"@type":"ImageObject","inLanguage":"ca","@id":"https:\/\/secure.gravatar.com\/avatar\/ac09a2b52d2985df5c98037a598fc78645cf024b1bd4638efd8ed48aad3f18c6?s=96&d=mm&r=g","url":"https:\/\/secure.gravatar.com\/avatar\/ac09a2b52d2985df5c98037a598fc78645cf024b1bd4638efd8ed48aad3f18c6?s=96&d=mm&r=g","contentUrl":"https:\/\/secure.gravatar.com\/avatar\/ac09a2b52d2985df5c98037a598fc78645cf024b1bd4638efd8ed48aad3f18c6?s=96&d=mm&r=g","caption":"Daniel G\u00e1miz Rivas"}}]}},"_links":{"self":[{"href":"https:\/\/www.dexeuscampus.com\/ca\/wp-json\/wp\/v2\/posts\/25434","targetHints":{"allow":["GET"]}}],"collection":[{"href":"https:\/\/www.dexeuscampus.com\/ca\/wp-json\/wp\/v2\/posts"}],"about":[{"href":"https:\/\/www.dexeuscampus.com\/ca\/wp-json\/wp\/v2\/types\/post"}],"author":[{"embeddable":true,"href":"https:\/\/www.dexeuscampus.com\/ca\/wp-json\/wp\/v2\/users\/3"}],"replies":[{"embeddable":true,"href":"https:\/\/www.dexeuscampus.com\/ca\/wp-json\/wp\/v2\/comments?post=25434"}],"version-history":[{"count":0,"href":"https:\/\/www.dexeuscampus.com\/ca\/wp-json\/wp\/v2\/posts\/25434\/revisions"}],"wp:featuredmedia":[{"embeddable":true,"href":"https:\/\/www.dexeuscampus.com\/ca\/wp-json\/wp\/v2\/media\/25378"}],"wp:attachment":[{"href":"https:\/\/www.dexeuscampus.com\/ca\/wp-json\/wp\/v2\/media?parent=25434"}],"wp:term":[{"taxonomy":"category","embeddable":true,"href":"https:\/\/www.dexeuscampus.com\/ca\/wp-json\/wp\/v2\/categories?post=25434"},{"taxonomy":"post_tag","embeddable":true,"href":"https:\/\/www.dexeuscampus.com\/ca\/wp-json\/wp\/v2\/tags?post=25434"}],"curies":[{"name":"wp","href":"https:\/\/api.w.org\/{rel}","templated":true}]}}