{"id":25586,"date":"2023-06-02T09:30:33","date_gmt":"2023-06-02T08:30:33","guid":{"rendered":"https:\/\/www.dexeuscampus.com\/?p=25586"},"modified":"2023-06-02T12:15:23","modified_gmt":"2023-06-02T11:15:23","slug":"dexeus-dona-incorpora-ia-diagnostic-cancer-mama","status":"publish","type":"post","link":"https:\/\/www.dexeuscampus.com\/ca\/blog\/cancer-mama\/dexeus-dona-incorpora-ia-diagnostic-cancer-mama\/","title":{"rendered":"Dexeus Dona incorpora la IA en el diagn\u00f2stic del c\u00e0ncer de mama"},"content":{"rendered":"\t\t<div data-elementor-type=\"wp-post\" data-elementor-id=\"25586\" class=\"elementor elementor-25586 elementor-25546\" data-elementor-post-type=\"post\">\n\t\t\t\t\t\t<section class=\"elementor-section elementor-top-section elementor-element elementor-element-37e2da1 elementor-section-boxed elementor-section-height-default elementor-section-height-default\" data-id=\"37e2da1\" data-element_type=\"section\" data-e-type=\"section\">\n\t\t\t\t\t\t<div class=\"elementor-container elementor-column-gap-default\">\n\t\t\t\t\t<div class=\"elementor-column elementor-col-100 elementor-top-column elementor-element elementor-element-f553da7\" data-id=\"f553da7\" data-element_type=\"column\" data-e-type=\"column\">\n\t\t\t<div class=\"elementor-widget-wrap elementor-element-populated\">\n\t\t\t\t\t\t<div class=\"elementor-element elementor-element-ba8aa34 elementor-widget elementor-widget-text-editor\" data-id=\"ba8aa34\" data-element_type=\"widget\" data-e-type=\"widget\" data-widget_type=\"text-editor.default\">\n\t\t\t\t<div class=\"elementor-widget-container\">\n\t\t\t\t\t\t\t\t\t<p>El diagn\u00f2stic de c\u00e0ncer de mama es basa en l&#8217;estudi d&#8217;imatges obtingudes a trav\u00e9s de mamografies. Per\u00f2 en el cas de mames denses o fibroses resulta m\u00e9s dif\u00edcil, i sovint \u00e9s necessari realitzar altres proves complement\u00e0ries. De fet, segons les estad\u00edstiques de Dexeus Dona, de cada 100 dones que es realitzen una mamografia, un 70% requereix una ecografia per completar l&#8217;estudi. D&#8217;aquestes, en 2-3 es far\u00e0 bi\u00f2psia, i, d&#8217;elles, nom\u00e9s en 1 cas es confirmar\u00e0 el c\u00e0ncer. No totes les imatges tenen el mateix nivell de sospita. Aix\u00f2 significa la pr\u00e0ctica de bi\u00f2psies que causen molt estr\u00e8s i preocupaci\u00f3 a les pacients.<\/p>\n<p>Per aquest motiu, <strong>un equip del Servei de Diagn\u00f2stic Ginecol\u00f2gic per la Imatge (DGI) de Dexeus Dona<\/strong> ha realitzat un estudi retrospectiu per avaluar l&#8217;efic\u00e0cia d&#8217;un nou sistema basat en la Intel\u00b7lig\u00e8ncia Artificial amb la finalitat d&#8217;afinar el diagn\u00f2stic del c\u00e0ncer de mama. Aquesta tecnologia, desenvolupada per l&#8217;empresa Koios Medical, t\u00e9 l&#8217;autoritzaci\u00f3 de la FDA i de l&#8217;Ag\u00e8ncia Europea del Medicament (EMA).<\/p>\n<p>Per validar l&#8217;efic\u00e0cia del sistema, es van seleccionar un total de 403 bi\u00f2psies eco-guiades realitzades l&#8217;any 2019 a dones de diferents edats. Aquestes imatges van ser obtingudes en les revisions ginecol\u00f2giques de control que realitza el Servei de DGI de Dexeus Dona. D&#8217;acord amb l&#8217;informe patol\u00f2gic, 197 es van classificar com a lesions malignes i 206 com a benignes. Els autors van triar la imatge que millor representava la classificaci\u00f3 obtinguda en l&#8217;escala BI-RADS i la van avaluar amb el sistema de IA Koios. Els resultats d&#8217;aquest estudi demostren que l&#8217;\u00fas de la IA pot ajudar a afinar el diagn\u00f2stic, ja que va augmentar la proporci\u00f3 de casos sospitosos de malignitat que finalment van ser confirmats per la bi\u00f2psia en les categories de m\u00e9s risc: BI-RADS 4, 5 i 6.<\/p>\n\t\t\t\t\t\t\t\t<\/div>\n\t\t\t\t<\/div>\n\t\t\t\t\t<\/div>\n\t\t<\/div>\n\t\t\t\t\t<\/div>\n\t\t<\/section>\n\t\t\t\t<section class=\"elementor-section elementor-top-section elementor-element elementor-element-b594ac6 elementor-section-boxed elementor-section-height-default elementor-section-height-default\" data-id=\"b594ac6\" data-element_type=\"section\" data-e-type=\"section\">\n\t\t\t\t\t\t<div class=\"elementor-container elementor-column-gap-default\">\n\t\t\t\t\t<div class=\"elementor-column elementor-col-100 elementor-top-column elementor-element elementor-element-6c90b5c\" data-id=\"6c90b5c\" data-element_type=\"column\" data-e-type=\"column\">\n\t\t\t<div class=\"elementor-widget-wrap elementor-element-populated\">\n\t\t\t\t\t\t<div class=\"elementor-element elementor-element-c1a56fc elementor-widget elementor-widget-html\" data-id=\"c1a56fc\" data-element_type=\"widget\" data-e-type=\"widget\" data-widget_type=\"html.default\">\n\t\t\t\t<div class=\"elementor-widget-container\">\n\t\t\t\t\t<p><strong>Article de refer\u00e8ncia:<\/strong><br><a style=\"font-size: 16px; font-style: italic; color: #4f91cd; text-decoration: underline;\" title=\"AI: Can It Make a Difference to the Predictive Value of Ultrasound Breast Biopsy?\" href=\"https:\/\/pubmed.ncbi.nlm.nih.gov\/36832299\/\" target=\"_blank\" rel=\"noopener\">AI: Can It Make a Difference to the Predictive Value of Ultrasound Breast Biopsy?<\/a><br><span style=\"font-size: 16px; font-style: italic;\">Jean L. Browne, M.A. Pascual, J Perez, S. Salazar, B Valero, I. Rodriguez, D Cassina, JL Alc\u00e1zar, S. Guerriero, B. Graupera.<\/span><br><span style=\"font-size: 16px; font-style: italic;\">Diagnostics 2023, 13(4), 811. doi: 10.3390\/diagnostics13040811.<\/span><\/p>\t\t\t\t<\/div>\n\t\t\t\t<\/div>\n\t\t\t\t\t<\/div>\n\t\t<\/div>\n\t\t\t\t\t<\/div>\n\t\t<\/section>\n\t\t\t\t<\/div>\n\t\t","protected":false},"excerpt":{"rendered":"<p>El diagn\u00f2stic de c\u00e0ncer de mama es basa en l&#8217;estudi d&#8217;imatges obtingudes a trav\u00e9s de mamografies. Per\u00f2 en el cas de mames denses o fibroses resulta m\u00e9s dif\u00edcil, i sovint \u00e9s necessari realitzar altres proves complement\u00e0ries. De fet, segons les estad\u00edstiques&#8230;<\/p>\n","protected":false},"author":3,"featured_media":25548,"comment_status":"closed","ping_status":"closed","sticky":false,"template":"","format":"standard","meta":{"footnotes":""},"categories":[198],"tags":[],"class_list":["post-25586","post","type-post","status-publish","format-standard","has-post-thumbnail","hentry","category-cancer-mama"],"yoast_head":"<!-- This site is optimized with the Yoast SEO plugin v27.5 - https:\/\/yoast.com\/product\/yoast-seo-wordpress\/ -->\n<title>Dexeus Dona incorpora la IA en el diagn\u00f2stic del c\u00e0ncer de mama - Dexeus Campus<\/title>\n<meta name=\"description\" content=\"El diagn\u00f2stic de c\u00e0ncer de mama es basa en l&#039;estudi d&#039;imatges obtingudes a trav\u00e9s de mamografies. Per\u00f2 en el cas de mames denses o fibroses resulta m\u00e9s dif\u00edcil, i sovint \u00e9s necessari realitzar altres proves complement\u00e0ries. De fet, segons les estad\u00edstiques...\" \/>\n<meta name=\"robots\" content=\"index, follow, max-snippet:-1, max-image-preview:large, max-video-preview:-1\" \/>\n<link rel=\"canonical\" href=\"https:\/\/www.dexeuscampus.com\/ca\/blog\/cancer-mama\/dexeus-dona-incorpora-ia-diagnostic-cancer-mama\/\" \/>\n<meta property=\"og:locale\" content=\"ca_ES\" \/>\n<meta property=\"og:type\" content=\"article\" \/>\n<meta property=\"og:title\" content=\"Dexeus Dona incorpora la IA en el diagn\u00f2stic del c\u00e0ncer de mama - Dexeus Campus\" \/>\n<meta property=\"og:description\" content=\"El diagn\u00f2stic de c\u00e0ncer de mama es basa en l&#039;estudi d&#039;imatges obtingudes a trav\u00e9s de mamografies. Per\u00f2 en el cas de mames denses o fibroses resulta m\u00e9s dif\u00edcil, i sovint \u00e9s necessari realitzar altres proves complement\u00e0ries. De fet, segons les estad\u00edstiques...\" \/>\n<meta property=\"og:url\" content=\"https:\/\/www.dexeuscampus.com\/ca\/blog\/cancer-mama\/dexeus-dona-incorpora-ia-diagnostic-cancer-mama\/\" \/>\n<meta property=\"og:site_name\" content=\"Dexeus Campus\" \/>\n<meta property=\"article:publisher\" content=\"https:\/\/www.facebook.com\/CampusDexeus\" \/>\n<meta property=\"article:published_time\" content=\"2023-06-02T08:30:33+00:00\" \/>\n<meta property=\"article:modified_time\" content=\"2023-06-02T11:15:23+00:00\" \/>\n<meta property=\"og:image\" content=\"https:\/\/www.dexeuscampus.com\/wp-content\/uploads\/2023\/05\/zoomPro2023-02-3.jpg\" \/>\n\t<meta property=\"og:image:width\" content=\"1000\" \/>\n\t<meta property=\"og:image:height\" content=\"600\" \/>\n\t<meta property=\"og:image:type\" content=\"image\/jpeg\" \/>\n<meta name=\"author\" content=\"Daniel G\u00e1miz Rivas\" \/>\n<meta name=\"twitter:card\" content=\"summary_large_image\" \/>\n<meta name=\"twitter:creator\" content=\"@DexeusCampus\" \/>\n<meta name=\"twitter:site\" content=\"@DexeusCampus\" \/>\n<meta name=\"twitter:label1\" content=\"Escrit per\" \/>\n\t<meta name=\"twitter:data1\" content=\"Daniel G\u00e1miz Rivas\" \/>\n\t<meta name=\"twitter:label2\" content=\"Temps estimat de lectura\" \/>\n\t<meta name=\"twitter:data2\" content=\"2 minuts\" \/>\n<script type=\"application\/ld+json\" class=\"yoast-schema-graph\">{\"@context\":\"https:\\\/\\\/schema.org\",\"@graph\":[{\"@type\":\"Article\",\"@id\":\"https:\\\/\\\/www.dexeuscampus.com\\\/ca\\\/blog\\\/cancer-mama\\\/dexeus-dona-incorpora-ia-diagnostic-cancer-mama\\\/#article\",\"isPartOf\":{\"@id\":\"https:\\\/\\\/www.dexeuscampus.com\\\/ca\\\/blog\\\/cancer-mama\\\/dexeus-dona-incorpora-ia-diagnostic-cancer-mama\\\/\"},\"author\":{\"name\":\"Daniel G\u00e1miz Rivas\",\"@id\":\"https:\\\/\\\/www.dexeuscampus.com\\\/ca\\\/#\\\/schema\\\/person\\\/48ba4a583d4098b26216190def081203\"},\"headline\":\"Dexeus Dona incorpora la IA en el diagn\u00f2stic del c\u00e0ncer de mama\",\"datePublished\":\"2023-06-02T08:30:33+00:00\",\"dateModified\":\"2023-06-02T11:15:23+00:00\",\"mainEntityOfPage\":{\"@id\":\"https:\\\/\\\/www.dexeuscampus.com\\\/ca\\\/blog\\\/cancer-mama\\\/dexeus-dona-incorpora-ia-diagnostic-cancer-mama\\\/\"},\"wordCount\":371,\"publisher\":{\"@id\":\"https:\\\/\\\/www.dexeuscampus.com\\\/ca\\\/#organization\"},\"image\":{\"@id\":\"https:\\\/\\\/www.dexeuscampus.com\\\/ca\\\/blog\\\/cancer-mama\\\/dexeus-dona-incorpora-ia-diagnostic-cancer-mama\\\/#primaryimage\"},\"thumbnailUrl\":\"https:\\\/\\\/www.dexeuscampus.com\\\/wp-content\\\/uploads\\\/2023\\\/05\\\/zoomPro2023-02-3.jpg\",\"articleSection\":[\"C\u00e0ncer de mama\"],\"inLanguage\":\"ca\"},{\"@type\":\"WebPage\",\"@id\":\"https:\\\/\\\/www.dexeuscampus.com\\\/ca\\\/blog\\\/cancer-mama\\\/dexeus-dona-incorpora-ia-diagnostic-cancer-mama\\\/\",\"url\":\"https:\\\/\\\/www.dexeuscampus.com\\\/ca\\\/blog\\\/cancer-mama\\\/dexeus-dona-incorpora-ia-diagnostic-cancer-mama\\\/\",\"name\":\"Dexeus Dona incorpora la IA en el diagn\u00f2stic del c\u00e0ncer de mama - Dexeus Campus\",\"isPartOf\":{\"@id\":\"https:\\\/\\\/www.dexeuscampus.com\\\/ca\\\/#website\"},\"primaryImageOfPage\":{\"@id\":\"https:\\\/\\\/www.dexeuscampus.com\\\/ca\\\/blog\\\/cancer-mama\\\/dexeus-dona-incorpora-ia-diagnostic-cancer-mama\\\/#primaryimage\"},\"image\":{\"@id\":\"https:\\\/\\\/www.dexeuscampus.com\\\/ca\\\/blog\\\/cancer-mama\\\/dexeus-dona-incorpora-ia-diagnostic-cancer-mama\\\/#primaryimage\"},\"thumbnailUrl\":\"https:\\\/\\\/www.dexeuscampus.com\\\/wp-content\\\/uploads\\\/2023\\\/05\\\/zoomPro2023-02-3.jpg\",\"datePublished\":\"2023-06-02T08:30:33+00:00\",\"dateModified\":\"2023-06-02T11:15:23+00:00\",\"description\":\"El diagn\u00f2stic de c\u00e0ncer de mama es basa en l'estudi d'imatges obtingudes a trav\u00e9s de mamografies. Per\u00f2 en el cas de mames denses o fibroses resulta m\u00e9s dif\u00edcil, i sovint \u00e9s necessari realitzar altres proves complement\u00e0ries. De fet, segons les estad\u00edstiques...\",\"breadcrumb\":{\"@id\":\"https:\\\/\\\/www.dexeuscampus.com\\\/ca\\\/blog\\\/cancer-mama\\\/dexeus-dona-incorpora-ia-diagnostic-cancer-mama\\\/#breadcrumb\"},\"inLanguage\":\"ca\",\"potentialAction\":[{\"@type\":\"ReadAction\",\"target\":[\"https:\\\/\\\/www.dexeuscampus.com\\\/ca\\\/blog\\\/cancer-mama\\\/dexeus-dona-incorpora-ia-diagnostic-cancer-mama\\\/\"]}]},{\"@type\":\"ImageObject\",\"inLanguage\":\"ca\",\"@id\":\"https:\\\/\\\/www.dexeuscampus.com\\\/ca\\\/blog\\\/cancer-mama\\\/dexeus-dona-incorpora-ia-diagnostic-cancer-mama\\\/#primaryimage\",\"url\":\"https:\\\/\\\/www.dexeuscampus.com\\\/wp-content\\\/uploads\\\/2023\\\/05\\\/zoomPro2023-02-3.jpg\",\"contentUrl\":\"https:\\\/\\\/www.dexeuscampus.com\\\/wp-content\\\/uploads\\\/2023\\\/05\\\/zoomPro2023-02-3.jpg\",\"width\":1000,\"height\":600,\"caption\":\"Dexeus mujer incorpora la IA en el diagn\u00f3stico de c\u00e1ncer de mama\"},{\"@type\":\"BreadcrumbList\",\"@id\":\"https:\\\/\\\/www.dexeuscampus.com\\\/ca\\\/blog\\\/cancer-mama\\\/dexeus-dona-incorpora-ia-diagnostic-cancer-mama\\\/#breadcrumb\",\"itemListElement\":[{\"@type\":\"ListItem\",\"position\":1,\"name\":\"Portada\",\"item\":\"https:\\\/\\\/www.dexeuscampus.com\\\/ca\\\/inici\\\/\"},{\"@type\":\"ListItem\",\"position\":2,\"name\":\"Dexeus Dona incorpora la IA en el diagn\u00f2stic del c\u00e0ncer de mama\"}]},{\"@type\":\"WebSite\",\"@id\":\"https:\\\/\\\/www.dexeuscampus.com\\\/ca\\\/#website\",\"url\":\"https:\\\/\\\/www.dexeuscampus.com\\\/ca\\\/\",\"name\":\"Dexeus Campus\",\"description\":\"Plataforma online dirigida a los profesionales especializados en obstetricia, ginecolog\u00eda y reproducci\u00f3n\",\"publisher\":{\"@id\":\"https:\\\/\\\/www.dexeuscampus.com\\\/ca\\\/#organization\"},\"potentialAction\":[{\"@type\":\"SearchAction\",\"target\":{\"@type\":\"EntryPoint\",\"urlTemplate\":\"https:\\\/\\\/www.dexeuscampus.com\\\/ca\\\/?s={search_term_string}\"},\"query-input\":{\"@type\":\"PropertyValueSpecification\",\"valueRequired\":true,\"valueName\":\"search_term_string\"}}],\"inLanguage\":\"ca\"},{\"@type\":\"Organization\",\"@id\":\"https:\\\/\\\/www.dexeuscampus.com\\\/ca\\\/#organization\",\"name\":\"DEXEUS CAMPUS. FUNDACI\u00d3 DEXEUS DONA\",\"url\":\"https:\\\/\\\/www.dexeuscampus.com\\\/ca\\\/\",\"logo\":{\"@type\":\"ImageObject\",\"inLanguage\":\"ca\",\"@id\":\"https:\\\/\\\/www.dexeuscampus.com\\\/ca\\\/#\\\/schema\\\/logo\\\/image\\\/\",\"url\":\"https:\\\/\\\/www.dexeuscampus.com\\\/wp-content\\\/uploads\\\/2021\\\/03\\\/Logo-Campus-Dexeus.png\",\"contentUrl\":\"https:\\\/\\\/www.dexeuscampus.com\\\/wp-content\\\/uploads\\\/2021\\\/03\\\/Logo-Campus-Dexeus.png\",\"width\":2068,\"height\":1773,\"caption\":\"DEXEUS CAMPUS. FUNDACI\u00d3 DEXEUS DONA\"},\"image\":{\"@id\":\"https:\\\/\\\/www.dexeuscampus.com\\\/ca\\\/#\\\/schema\\\/logo\\\/image\\\/\"},\"sameAs\":[\"https:\\\/\\\/www.facebook.com\\\/CampusDexeus\",\"https:\\\/\\\/x.com\\\/DexeusCampus\",\"https:\\\/\\\/www.youtube.com\\\/user\\\/DexeusCampus\",\"https:\\\/\\\/vimeo.com\\\/dexeuscampus\",\"https:\\\/\\\/www.linkedin.com\\\/company\\\/dexeusmujer\"]},{\"@type\":\"Person\",\"@id\":\"https:\\\/\\\/www.dexeuscampus.com\\\/ca\\\/#\\\/schema\\\/person\\\/48ba4a583d4098b26216190def081203\",\"name\":\"Daniel G\u00e1miz Rivas\",\"image\":{\"@type\":\"ImageObject\",\"inLanguage\":\"ca\",\"@id\":\"https:\\\/\\\/secure.gravatar.com\\\/avatar\\\/ac09a2b52d2985df5c98037a598fc78645cf024b1bd4638efd8ed48aad3f18c6?s=96&d=mm&r=g\",\"url\":\"https:\\\/\\\/secure.gravatar.com\\\/avatar\\\/ac09a2b52d2985df5c98037a598fc78645cf024b1bd4638efd8ed48aad3f18c6?s=96&d=mm&r=g\",\"contentUrl\":\"https:\\\/\\\/secure.gravatar.com\\\/avatar\\\/ac09a2b52d2985df5c98037a598fc78645cf024b1bd4638efd8ed48aad3f18c6?s=96&d=mm&r=g\",\"caption\":\"Daniel G\u00e1miz Rivas\"}}]}<\/script>\n<!-- \/ Yoast SEO plugin. -->","yoast_head_json":{"title":"Dexeus Dona incorpora la IA en el diagn\u00f2stic del c\u00e0ncer de mama - Dexeus Campus","description":"El diagn\u00f2stic de c\u00e0ncer de mama es basa en l'estudi d'imatges obtingudes a trav\u00e9s de mamografies. Per\u00f2 en el cas de mames denses o fibroses resulta m\u00e9s dif\u00edcil, i sovint \u00e9s necessari realitzar altres proves complement\u00e0ries. De fet, segons les estad\u00edstiques...","robots":{"index":"index","follow":"follow","max-snippet":"max-snippet:-1","max-image-preview":"max-image-preview:large","max-video-preview":"max-video-preview:-1"},"canonical":"https:\/\/www.dexeuscampus.com\/ca\/blog\/cancer-mama\/dexeus-dona-incorpora-ia-diagnostic-cancer-mama\/","og_locale":"ca_ES","og_type":"article","og_title":"Dexeus Dona incorpora la IA en el diagn\u00f2stic del c\u00e0ncer de mama - Dexeus Campus","og_description":"El diagn\u00f2stic de c\u00e0ncer de mama es basa en l'estudi d'imatges obtingudes a trav\u00e9s de mamografies. Per\u00f2 en el cas de mames denses o fibroses resulta m\u00e9s dif\u00edcil, i sovint \u00e9s necessari realitzar altres proves complement\u00e0ries. De fet, segons les estad\u00edstiques...","og_url":"https:\/\/www.dexeuscampus.com\/ca\/blog\/cancer-mama\/dexeus-dona-incorpora-ia-diagnostic-cancer-mama\/","og_site_name":"Dexeus Campus","article_publisher":"https:\/\/www.facebook.com\/CampusDexeus","article_published_time":"2023-06-02T08:30:33+00:00","article_modified_time":"2023-06-02T11:15:23+00:00","og_image":[{"width":1000,"height":600,"url":"https:\/\/www.dexeuscampus.com\/wp-content\/uploads\/2023\/05\/zoomPro2023-02-3.jpg","type":"image\/jpeg"}],"author":"Daniel G\u00e1miz Rivas","twitter_card":"summary_large_image","twitter_creator":"@DexeusCampus","twitter_site":"@DexeusCampus","twitter_misc":{"Escrit per":"Daniel G\u00e1miz Rivas","Temps estimat de lectura":"2 minuts"},"schema":{"@context":"https:\/\/schema.org","@graph":[{"@type":"Article","@id":"https:\/\/www.dexeuscampus.com\/ca\/blog\/cancer-mama\/dexeus-dona-incorpora-ia-diagnostic-cancer-mama\/#article","isPartOf":{"@id":"https:\/\/www.dexeuscampus.com\/ca\/blog\/cancer-mama\/dexeus-dona-incorpora-ia-diagnostic-cancer-mama\/"},"author":{"name":"Daniel G\u00e1miz Rivas","@id":"https:\/\/www.dexeuscampus.com\/ca\/#\/schema\/person\/48ba4a583d4098b26216190def081203"},"headline":"Dexeus Dona incorpora la IA en el diagn\u00f2stic del c\u00e0ncer de mama","datePublished":"2023-06-02T08:30:33+00:00","dateModified":"2023-06-02T11:15:23+00:00","mainEntityOfPage":{"@id":"https:\/\/www.dexeuscampus.com\/ca\/blog\/cancer-mama\/dexeus-dona-incorpora-ia-diagnostic-cancer-mama\/"},"wordCount":371,"publisher":{"@id":"https:\/\/www.dexeuscampus.com\/ca\/#organization"},"image":{"@id":"https:\/\/www.dexeuscampus.com\/ca\/blog\/cancer-mama\/dexeus-dona-incorpora-ia-diagnostic-cancer-mama\/#primaryimage"},"thumbnailUrl":"https:\/\/www.dexeuscampus.com\/wp-content\/uploads\/2023\/05\/zoomPro2023-02-3.jpg","articleSection":["C\u00e0ncer de mama"],"inLanguage":"ca"},{"@type":"WebPage","@id":"https:\/\/www.dexeuscampus.com\/ca\/blog\/cancer-mama\/dexeus-dona-incorpora-ia-diagnostic-cancer-mama\/","url":"https:\/\/www.dexeuscampus.com\/ca\/blog\/cancer-mama\/dexeus-dona-incorpora-ia-diagnostic-cancer-mama\/","name":"Dexeus Dona incorpora la IA en el diagn\u00f2stic del c\u00e0ncer de mama - Dexeus Campus","isPartOf":{"@id":"https:\/\/www.dexeuscampus.com\/ca\/#website"},"primaryImageOfPage":{"@id":"https:\/\/www.dexeuscampus.com\/ca\/blog\/cancer-mama\/dexeus-dona-incorpora-ia-diagnostic-cancer-mama\/#primaryimage"},"image":{"@id":"https:\/\/www.dexeuscampus.com\/ca\/blog\/cancer-mama\/dexeus-dona-incorpora-ia-diagnostic-cancer-mama\/#primaryimage"},"thumbnailUrl":"https:\/\/www.dexeuscampus.com\/wp-content\/uploads\/2023\/05\/zoomPro2023-02-3.jpg","datePublished":"2023-06-02T08:30:33+00:00","dateModified":"2023-06-02T11:15:23+00:00","description":"El diagn\u00f2stic de c\u00e0ncer de mama es basa en l'estudi d'imatges obtingudes a trav\u00e9s de mamografies. Per\u00f2 en el cas de mames denses o fibroses resulta m\u00e9s dif\u00edcil, i sovint \u00e9s necessari realitzar altres proves complement\u00e0ries. De fet, segons les estad\u00edstiques...","breadcrumb":{"@id":"https:\/\/www.dexeuscampus.com\/ca\/blog\/cancer-mama\/dexeus-dona-incorpora-ia-diagnostic-cancer-mama\/#breadcrumb"},"inLanguage":"ca","potentialAction":[{"@type":"ReadAction","target":["https:\/\/www.dexeuscampus.com\/ca\/blog\/cancer-mama\/dexeus-dona-incorpora-ia-diagnostic-cancer-mama\/"]}]},{"@type":"ImageObject","inLanguage":"ca","@id":"https:\/\/www.dexeuscampus.com\/ca\/blog\/cancer-mama\/dexeus-dona-incorpora-ia-diagnostic-cancer-mama\/#primaryimage","url":"https:\/\/www.dexeuscampus.com\/wp-content\/uploads\/2023\/05\/zoomPro2023-02-3.jpg","contentUrl":"https:\/\/www.dexeuscampus.com\/wp-content\/uploads\/2023\/05\/zoomPro2023-02-3.jpg","width":1000,"height":600,"caption":"Dexeus mujer incorpora la IA en el diagn\u00f3stico de c\u00e1ncer de mama"},{"@type":"BreadcrumbList","@id":"https:\/\/www.dexeuscampus.com\/ca\/blog\/cancer-mama\/dexeus-dona-incorpora-ia-diagnostic-cancer-mama\/#breadcrumb","itemListElement":[{"@type":"ListItem","position":1,"name":"Portada","item":"https:\/\/www.dexeuscampus.com\/ca\/inici\/"},{"@type":"ListItem","position":2,"name":"Dexeus Dona incorpora la IA en el diagn\u00f2stic del c\u00e0ncer de mama"}]},{"@type":"WebSite","@id":"https:\/\/www.dexeuscampus.com\/ca\/#website","url":"https:\/\/www.dexeuscampus.com\/ca\/","name":"Dexeus Campus","description":"Plataforma online dirigida a los profesionales especializados en obstetricia, ginecolog\u00eda y reproducci\u00f3n","publisher":{"@id":"https:\/\/www.dexeuscampus.com\/ca\/#organization"},"potentialAction":[{"@type":"SearchAction","target":{"@type":"EntryPoint","urlTemplate":"https:\/\/www.dexeuscampus.com\/ca\/?s={search_term_string}"},"query-input":{"@type":"PropertyValueSpecification","valueRequired":true,"valueName":"search_term_string"}}],"inLanguage":"ca"},{"@type":"Organization","@id":"https:\/\/www.dexeuscampus.com\/ca\/#organization","name":"DEXEUS CAMPUS. FUNDACI\u00d3 DEXEUS DONA","url":"https:\/\/www.dexeuscampus.com\/ca\/","logo":{"@type":"ImageObject","inLanguage":"ca","@id":"https:\/\/www.dexeuscampus.com\/ca\/#\/schema\/logo\/image\/","url":"https:\/\/www.dexeuscampus.com\/wp-content\/uploads\/2021\/03\/Logo-Campus-Dexeus.png","contentUrl":"https:\/\/www.dexeuscampus.com\/wp-content\/uploads\/2021\/03\/Logo-Campus-Dexeus.png","width":2068,"height":1773,"caption":"DEXEUS CAMPUS. FUNDACI\u00d3 DEXEUS DONA"},"image":{"@id":"https:\/\/www.dexeuscampus.com\/ca\/#\/schema\/logo\/image\/"},"sameAs":["https:\/\/www.facebook.com\/CampusDexeus","https:\/\/x.com\/DexeusCampus","https:\/\/www.youtube.com\/user\/DexeusCampus","https:\/\/vimeo.com\/dexeuscampus","https:\/\/www.linkedin.com\/company\/dexeusmujer"]},{"@type":"Person","@id":"https:\/\/www.dexeuscampus.com\/ca\/#\/schema\/person\/48ba4a583d4098b26216190def081203","name":"Daniel G\u00e1miz Rivas","image":{"@type":"ImageObject","inLanguage":"ca","@id":"https:\/\/secure.gravatar.com\/avatar\/ac09a2b52d2985df5c98037a598fc78645cf024b1bd4638efd8ed48aad3f18c6?s=96&d=mm&r=g","url":"https:\/\/secure.gravatar.com\/avatar\/ac09a2b52d2985df5c98037a598fc78645cf024b1bd4638efd8ed48aad3f18c6?s=96&d=mm&r=g","contentUrl":"https:\/\/secure.gravatar.com\/avatar\/ac09a2b52d2985df5c98037a598fc78645cf024b1bd4638efd8ed48aad3f18c6?s=96&d=mm&r=g","caption":"Daniel G\u00e1miz Rivas"}}]}},"_links":{"self":[{"href":"https:\/\/www.dexeuscampus.com\/ca\/wp-json\/wp\/v2\/posts\/25586","targetHints":{"allow":["GET"]}}],"collection":[{"href":"https:\/\/www.dexeuscampus.com\/ca\/wp-json\/wp\/v2\/posts"}],"about":[{"href":"https:\/\/www.dexeuscampus.com\/ca\/wp-json\/wp\/v2\/types\/post"}],"author":[{"embeddable":true,"href":"https:\/\/www.dexeuscampus.com\/ca\/wp-json\/wp\/v2\/users\/3"}],"replies":[{"embeddable":true,"href":"https:\/\/www.dexeuscampus.com\/ca\/wp-json\/wp\/v2\/comments?post=25586"}],"version-history":[{"count":0,"href":"https:\/\/www.dexeuscampus.com\/ca\/wp-json\/wp\/v2\/posts\/25586\/revisions"}],"wp:featuredmedia":[{"embeddable":true,"href":"https:\/\/www.dexeuscampus.com\/ca\/wp-json\/wp\/v2\/media\/25548"}],"wp:attachment":[{"href":"https:\/\/www.dexeuscampus.com\/ca\/wp-json\/wp\/v2\/media?parent=25586"}],"wp:term":[{"taxonomy":"category","embeddable":true,"href":"https:\/\/www.dexeuscampus.com\/ca\/wp-json\/wp\/v2\/categories?post=25586"},{"taxonomy":"post_tag","embeddable":true,"href":"https:\/\/www.dexeuscampus.com\/ca\/wp-json\/wp\/v2\/tags?post=25586"}],"curies":[{"name":"wp","href":"https:\/\/api.w.org\/{rel}","templated":true}]}}