{"id":26014,"date":"2023-07-19T15:02:29","date_gmt":"2023-07-19T14:02:29","guid":{"rendered":"https:\/\/www.dexeuscampus.com\/blog\/sense-categoria\/jornada-dona-i-trombosi-una-visio-integrada\/"},"modified":"2023-07-27T12:26:37","modified_gmt":"2023-07-27T11:26:37","slug":"jornada-dona-trombosi-visio-integrada","status":"publish","type":"post","link":"https:\/\/www.dexeuscampus.com\/ca\/blog\/obstetricia-ca\/jornada-dona-trombosi-visio-integrada\/","title":{"rendered":"Jornada \u201cDona i trombosi: una visi\u00f3 integrada\u201d"},"content":{"rendered":"\t\t<div data-elementor-type=\"wp-post\" data-elementor-id=\"26014\" class=\"elementor elementor-26014 elementor-25999\" data-elementor-post-type=\"post\">\n\t\t\t\t\t\t<section class=\"elementor-section elementor-top-section elementor-element elementor-element-e91ac4d elementor-section-boxed elementor-section-height-default elementor-section-height-default\" data-id=\"e91ac4d\" data-element_type=\"section\" data-e-type=\"section\">\n\t\t\t\t\t\t<div class=\"elementor-container elementor-column-gap-default\">\n\t\t\t\t\t<div class=\"elementor-column elementor-col-100 elementor-top-column elementor-element elementor-element-9c745af\" data-id=\"9c745af\" data-element_type=\"column\" data-e-type=\"column\">\n\t\t\t<div class=\"elementor-widget-wrap elementor-element-populated\">\n\t\t\t\t\t\t<div class=\"elementor-element elementor-element-464a98c elementor-widget elementor-widget-text-editor\" data-id=\"464a98c\" data-element_type=\"widget\" data-e-type=\"widget\" data-widget_type=\"text-editor.default\">\n\t\t\t\t<div class=\"elementor-widget-container\">\n\t\t\t\t\t\t\t\t\t<p>El 26 de maig va tenir lloc a l&#8217;auditori de Dexeus Dona la Jornada Dona i Trombosi, que organitzen de manera conjunta l&#8217;Hospital Universitari Dexeus i Dexeus Dona.<\/p>\n<p>La trobada t\u00e9 el suport de la Societat Espanyola de Trombosi i Hemost\u00e0sia (SETH), i el seu objectiu ha estat actualitzar la informaci\u00f3 i compartir experi\u00e8ncies de pr\u00e0ctica cl\u00ednica en la valoraci\u00f3 del risc tromb\u00f2tic, la prevenci\u00f3 i el tractament de pacients de diversa casu\u00edstica. L&#8217;acte es va seguir en l\u00ednia via webinar.<\/p>\n<p>Els coordinadors van ser el Dr. Manel Casellas Car, Consultor S\u00e8nior del Servei d&#8217;Obstetr\u00edcia de l&#8217;Hospital Universitari Dexeus, i la Dra. Pilar Llamas Sillero, Cap de Servei Corporatiu d&#8217;Hematologia i Hemoter\u00e0pia de l&#8217;Hospital Universitari Fundaci\u00f3 Jim\u00e9nez D\u00edaz i Hospitals P\u00fablics Quir\u00f3nsalud Madrid i vicepresidenta de la Societat Espanyola de Trombosi i Hemost\u00e0sia (SETH). En la trobada va participar el Dr. Bernat Serra , consultor s\u00e8nior del Servei d&#8217;Obstetr\u00edcia de Dexeus Dona que va presentar una pon\u00e8ncia sobre la profilaxi antitromb\u00f2tica en la gestant amb COVID-19.<\/p>\n\t\t\t\t\t\t\t\t<\/div>\n\t\t\t\t<\/div>\n\t\t\t\t\t<\/div>\n\t\t<\/div>\n\t\t\t\t\t<\/div>\n\t\t<\/section>\n\t\t\t\t<\/div>\n\t\t","protected":false},"excerpt":{"rendered":"<p>El 26 de maig va tenir lloc a l&#8217;auditori de Dexeus Dona la Jornada Dona i Trombosi, que organitzen de manera conjunta l&#8217;Hospital Universitari Dexeus i Dexeus Dona. La trobada t\u00e9 el suport de la Societat Espanyola de Trombosi i Hemost\u00e0sia (SETH), i el seu objectiu\u2026<\/p>\n","protected":false},"author":3,"featured_media":26021,"comment_status":"closed","ping_status":"closed","sticky":false,"template":"","format":"standard","meta":{"footnotes":""},"categories":[204],"tags":[],"class_list":["post-26014","post","type-post","status-publish","format-standard","has-post-thumbnail","hentry","category-obstetricia-ca"],"yoast_head":"<!-- This site is optimized with the Yoast SEO plugin v27.5 - https:\/\/yoast.com\/product\/yoast-seo-wordpress\/ -->\n<title>Jornada \u201cDona i trombosi: una visi\u00f3 integrada\u201d - Dexeus Campus<\/title>\n<meta name=\"description\" content=\"El 26 de maig va tenir lloc a l&#039;auditori de Dexeus Dona la Jornada Dona i Trombosi, que organitzen de manera conjunta l&#039;Hospital Universitari Dexeus i Dexeus Dona. La trobada t\u00e9 el suport de la Societat Espanyola de Trombosi i Hemost\u00e0sia (SETH), i el seu objectiu\u2026\" \/>\n<meta name=\"robots\" content=\"index, follow, max-snippet:-1, max-image-preview:large, max-video-preview:-1\" \/>\n<link rel=\"canonical\" href=\"https:\/\/www.dexeuscampus.com\/ca\/blog\/obstetricia-ca\/jornada-dona-trombosi-visio-integrada\/\" \/>\n<meta property=\"og:locale\" content=\"ca_ES\" \/>\n<meta property=\"og:type\" content=\"article\" \/>\n<meta property=\"og:title\" content=\"Jornada \u201cDona i trombosi: una visi\u00f3 integrada\u201d - Dexeus Campus\" \/>\n<meta property=\"og:description\" content=\"El 26 de maig va tenir lloc a l&#039;auditori de Dexeus Dona la Jornada Dona i Trombosi, que organitzen de manera conjunta l&#039;Hospital Universitari Dexeus i Dexeus Dona. La trobada t\u00e9 el suport de la Societat Espanyola de Trombosi i Hemost\u00e0sia (SETH), i el seu objectiu\u2026\" \/>\n<meta property=\"og:url\" content=\"https:\/\/www.dexeuscampus.com\/ca\/blog\/obstetricia-ca\/jornada-dona-trombosi-visio-integrada\/\" \/>\n<meta property=\"og:site_name\" content=\"Dexeus Campus\" \/>\n<meta property=\"article:publisher\" content=\"https:\/\/www.facebook.com\/CampusDexeus\" \/>\n<meta property=\"article:published_time\" content=\"2023-07-19T14:02:29+00:00\" \/>\n<meta property=\"article:modified_time\" content=\"2023-07-27T11:26:37+00:00\" \/>\n<meta property=\"og:image\" content=\"https:\/\/www.dexeuscampus.com\/wp-content\/uploads\/2023\/07\/1jornada-mujer-trombosis-vision-integrada.jpg\" \/>\n\t<meta property=\"og:image:width\" content=\"1000\" \/>\n\t<meta property=\"og:image:height\" content=\"600\" \/>\n\t<meta property=\"og:image:type\" content=\"image\/jpeg\" \/>\n<meta name=\"author\" content=\"Daniel G\u00e1miz Rivas\" \/>\n<meta name=\"twitter:card\" content=\"summary_large_image\" \/>\n<meta name=\"twitter:creator\" content=\"@DexeusCampus\" \/>\n<meta name=\"twitter:site\" content=\"@DexeusCampus\" \/>\n<meta name=\"twitter:label1\" content=\"Escrit per\" \/>\n\t<meta name=\"twitter:data1\" content=\"Daniel G\u00e1miz Rivas\" \/>\n\t<meta name=\"twitter:label2\" content=\"Temps estimat de lectura\" \/>\n\t<meta name=\"twitter:data2\" content=\"1 minut\" \/>\n<script type=\"application\/ld+json\" class=\"yoast-schema-graph\">{\"@context\":\"https:\\\/\\\/schema.org\",\"@graph\":[{\"@type\":\"Article\",\"@id\":\"https:\\\/\\\/www.dexeuscampus.com\\\/ca\\\/blog\\\/obstetricia-ca\\\/jornada-dona-trombosi-visio-integrada\\\/#article\",\"isPartOf\":{\"@id\":\"https:\\\/\\\/www.dexeuscampus.com\\\/ca\\\/blog\\\/obstetricia-ca\\\/jornada-dona-trombosi-visio-integrada\\\/\"},\"author\":{\"name\":\"Daniel G\u00e1miz Rivas\",\"@id\":\"https:\\\/\\\/www.dexeuscampus.com\\\/ca\\\/#\\\/schema\\\/person\\\/48ba4a583d4098b26216190def081203\"},\"headline\":\"Jornada \u201cDona i trombosi: una visi\u00f3 integrada\u201d\",\"datePublished\":\"2023-07-19T14:02:29+00:00\",\"dateModified\":\"2023-07-27T11:26:37+00:00\",\"mainEntityOfPage\":{\"@id\":\"https:\\\/\\\/www.dexeuscampus.com\\\/ca\\\/blog\\\/obstetricia-ca\\\/jornada-dona-trombosi-visio-integrada\\\/\"},\"wordCount\":190,\"publisher\":{\"@id\":\"https:\\\/\\\/www.dexeuscampus.com\\\/ca\\\/#organization\"},\"image\":{\"@id\":\"https:\\\/\\\/www.dexeuscampus.com\\\/ca\\\/blog\\\/obstetricia-ca\\\/jornada-dona-trombosi-visio-integrada\\\/#primaryimage\"},\"thumbnailUrl\":\"https:\\\/\\\/www.dexeuscampus.com\\\/wp-content\\\/uploads\\\/2023\\\/07\\\/1jornada-mujer-trombosis-vision-integrada.jpg\",\"articleSection\":[\"Obstetr\u00edcia\"],\"inLanguage\":\"ca\"},{\"@type\":\"WebPage\",\"@id\":\"https:\\\/\\\/www.dexeuscampus.com\\\/ca\\\/blog\\\/obstetricia-ca\\\/jornada-dona-trombosi-visio-integrada\\\/\",\"url\":\"https:\\\/\\\/www.dexeuscampus.com\\\/ca\\\/blog\\\/obstetricia-ca\\\/jornada-dona-trombosi-visio-integrada\\\/\",\"name\":\"Jornada \u201cDona i trombosi: una visi\u00f3 integrada\u201d - Dexeus Campus\",\"isPartOf\":{\"@id\":\"https:\\\/\\\/www.dexeuscampus.com\\\/ca\\\/#website\"},\"primaryImageOfPage\":{\"@id\":\"https:\\\/\\\/www.dexeuscampus.com\\\/ca\\\/blog\\\/obstetricia-ca\\\/jornada-dona-trombosi-visio-integrada\\\/#primaryimage\"},\"image\":{\"@id\":\"https:\\\/\\\/www.dexeuscampus.com\\\/ca\\\/blog\\\/obstetricia-ca\\\/jornada-dona-trombosi-visio-integrada\\\/#primaryimage\"},\"thumbnailUrl\":\"https:\\\/\\\/www.dexeuscampus.com\\\/wp-content\\\/uploads\\\/2023\\\/07\\\/1jornada-mujer-trombosis-vision-integrada.jpg\",\"datePublished\":\"2023-07-19T14:02:29+00:00\",\"dateModified\":\"2023-07-27T11:26:37+00:00\",\"description\":\"El 26 de maig va tenir lloc a l'auditori de Dexeus Dona la Jornada Dona i Trombosi, que organitzen de manera conjunta l'Hospital Universitari Dexeus i Dexeus Dona. La trobada t\u00e9 el suport de la Societat Espanyola de Trombosi i Hemost\u00e0sia (SETH), i el seu objectiu\u2026\",\"breadcrumb\":{\"@id\":\"https:\\\/\\\/www.dexeuscampus.com\\\/ca\\\/blog\\\/obstetricia-ca\\\/jornada-dona-trombosi-visio-integrada\\\/#breadcrumb\"},\"inLanguage\":\"ca\",\"potentialAction\":[{\"@type\":\"ReadAction\",\"target\":[\"https:\\\/\\\/www.dexeuscampus.com\\\/ca\\\/blog\\\/obstetricia-ca\\\/jornada-dona-trombosi-visio-integrada\\\/\"]}]},{\"@type\":\"ImageObject\",\"inLanguage\":\"ca\",\"@id\":\"https:\\\/\\\/www.dexeuscampus.com\\\/ca\\\/blog\\\/obstetricia-ca\\\/jornada-dona-trombosi-visio-integrada\\\/#primaryimage\",\"url\":\"https:\\\/\\\/www.dexeuscampus.com\\\/wp-content\\\/uploads\\\/2023\\\/07\\\/1jornada-mujer-trombosis-vision-integrada.jpg\",\"contentUrl\":\"https:\\\/\\\/www.dexeuscampus.com\\\/wp-content\\\/uploads\\\/2023\\\/07\\\/1jornada-mujer-trombosis-vision-integrada.jpg\",\"width\":1000,\"height\":600,\"caption\":\"I Jornada Dexeus Mujer y trombosis: una visi\u00f3n integrada\"},{\"@type\":\"BreadcrumbList\",\"@id\":\"https:\\\/\\\/www.dexeuscampus.com\\\/ca\\\/blog\\\/obstetricia-ca\\\/jornada-dona-trombosi-visio-integrada\\\/#breadcrumb\",\"itemListElement\":[{\"@type\":\"ListItem\",\"position\":1,\"name\":\"Portada\",\"item\":\"https:\\\/\\\/www.dexeuscampus.com\\\/ca\\\/inici\\\/\"},{\"@type\":\"ListItem\",\"position\":2,\"name\":\"Jornada \u201cDona i trombosi: una visi\u00f3 integrada\u201d\"}]},{\"@type\":\"WebSite\",\"@id\":\"https:\\\/\\\/www.dexeuscampus.com\\\/ca\\\/#website\",\"url\":\"https:\\\/\\\/www.dexeuscampus.com\\\/ca\\\/\",\"name\":\"Dexeus Campus\",\"description\":\"Plataforma online dirigida a los profesionales especializados en obstetricia, ginecolog\u00eda y reproducci\u00f3n\",\"publisher\":{\"@id\":\"https:\\\/\\\/www.dexeuscampus.com\\\/ca\\\/#organization\"},\"potentialAction\":[{\"@type\":\"SearchAction\",\"target\":{\"@type\":\"EntryPoint\",\"urlTemplate\":\"https:\\\/\\\/www.dexeuscampus.com\\\/ca\\\/?s={search_term_string}\"},\"query-input\":{\"@type\":\"PropertyValueSpecification\",\"valueRequired\":true,\"valueName\":\"search_term_string\"}}],\"inLanguage\":\"ca\"},{\"@type\":\"Organization\",\"@id\":\"https:\\\/\\\/www.dexeuscampus.com\\\/ca\\\/#organization\",\"name\":\"DEXEUS CAMPUS. FUNDACI\u00d3 DEXEUS DONA\",\"url\":\"https:\\\/\\\/www.dexeuscampus.com\\\/ca\\\/\",\"logo\":{\"@type\":\"ImageObject\",\"inLanguage\":\"ca\",\"@id\":\"https:\\\/\\\/www.dexeuscampus.com\\\/ca\\\/#\\\/schema\\\/logo\\\/image\\\/\",\"url\":\"https:\\\/\\\/www.dexeuscampus.com\\\/wp-content\\\/uploads\\\/2021\\\/03\\\/Logo-Campus-Dexeus.png\",\"contentUrl\":\"https:\\\/\\\/www.dexeuscampus.com\\\/wp-content\\\/uploads\\\/2021\\\/03\\\/Logo-Campus-Dexeus.png\",\"width\":2068,\"height\":1773,\"caption\":\"DEXEUS CAMPUS. FUNDACI\u00d3 DEXEUS DONA\"},\"image\":{\"@id\":\"https:\\\/\\\/www.dexeuscampus.com\\\/ca\\\/#\\\/schema\\\/logo\\\/image\\\/\"},\"sameAs\":[\"https:\\\/\\\/www.facebook.com\\\/CampusDexeus\",\"https:\\\/\\\/x.com\\\/DexeusCampus\",\"https:\\\/\\\/www.youtube.com\\\/user\\\/DexeusCampus\",\"https:\\\/\\\/vimeo.com\\\/dexeuscampus\",\"https:\\\/\\\/www.linkedin.com\\\/company\\\/dexeusmujer\"]},{\"@type\":\"Person\",\"@id\":\"https:\\\/\\\/www.dexeuscampus.com\\\/ca\\\/#\\\/schema\\\/person\\\/48ba4a583d4098b26216190def081203\",\"name\":\"Daniel G\u00e1miz Rivas\",\"image\":{\"@type\":\"ImageObject\",\"inLanguage\":\"ca\",\"@id\":\"https:\\\/\\\/secure.gravatar.com\\\/avatar\\\/ac09a2b52d2985df5c98037a598fc78645cf024b1bd4638efd8ed48aad3f18c6?s=96&d=mm&r=g\",\"url\":\"https:\\\/\\\/secure.gravatar.com\\\/avatar\\\/ac09a2b52d2985df5c98037a598fc78645cf024b1bd4638efd8ed48aad3f18c6?s=96&d=mm&r=g\",\"contentUrl\":\"https:\\\/\\\/secure.gravatar.com\\\/avatar\\\/ac09a2b52d2985df5c98037a598fc78645cf024b1bd4638efd8ed48aad3f18c6?s=96&d=mm&r=g\",\"caption\":\"Daniel G\u00e1miz Rivas\"}}]}<\/script>\n<!-- \/ Yoast SEO plugin. -->","yoast_head_json":{"title":"Jornada \u201cDona i trombosi: una visi\u00f3 integrada\u201d - Dexeus Campus","description":"El 26 de maig va tenir lloc a l'auditori de Dexeus Dona la Jornada Dona i Trombosi, que organitzen de manera conjunta l'Hospital Universitari Dexeus i Dexeus Dona. La trobada t\u00e9 el suport de la Societat Espanyola de Trombosi i Hemost\u00e0sia (SETH), i el seu objectiu\u2026","robots":{"index":"index","follow":"follow","max-snippet":"max-snippet:-1","max-image-preview":"max-image-preview:large","max-video-preview":"max-video-preview:-1"},"canonical":"https:\/\/www.dexeuscampus.com\/ca\/blog\/obstetricia-ca\/jornada-dona-trombosi-visio-integrada\/","og_locale":"ca_ES","og_type":"article","og_title":"Jornada \u201cDona i trombosi: una visi\u00f3 integrada\u201d - Dexeus Campus","og_description":"El 26 de maig va tenir lloc a l'auditori de Dexeus Dona la Jornada Dona i Trombosi, que organitzen de manera conjunta l'Hospital Universitari Dexeus i Dexeus Dona. La trobada t\u00e9 el suport de la Societat Espanyola de Trombosi i Hemost\u00e0sia (SETH), i el seu objectiu\u2026","og_url":"https:\/\/www.dexeuscampus.com\/ca\/blog\/obstetricia-ca\/jornada-dona-trombosi-visio-integrada\/","og_site_name":"Dexeus Campus","article_publisher":"https:\/\/www.facebook.com\/CampusDexeus","article_published_time":"2023-07-19T14:02:29+00:00","article_modified_time":"2023-07-27T11:26:37+00:00","og_image":[{"width":1000,"height":600,"url":"https:\/\/www.dexeuscampus.com\/wp-content\/uploads\/2023\/07\/1jornada-mujer-trombosis-vision-integrada.jpg","type":"image\/jpeg"}],"author":"Daniel G\u00e1miz Rivas","twitter_card":"summary_large_image","twitter_creator":"@DexeusCampus","twitter_site":"@DexeusCampus","twitter_misc":{"Escrit per":"Daniel G\u00e1miz Rivas","Temps estimat de lectura":"1 minut"},"schema":{"@context":"https:\/\/schema.org","@graph":[{"@type":"Article","@id":"https:\/\/www.dexeuscampus.com\/ca\/blog\/obstetricia-ca\/jornada-dona-trombosi-visio-integrada\/#article","isPartOf":{"@id":"https:\/\/www.dexeuscampus.com\/ca\/blog\/obstetricia-ca\/jornada-dona-trombosi-visio-integrada\/"},"author":{"name":"Daniel G\u00e1miz Rivas","@id":"https:\/\/www.dexeuscampus.com\/ca\/#\/schema\/person\/48ba4a583d4098b26216190def081203"},"headline":"Jornada \u201cDona i trombosi: una visi\u00f3 integrada\u201d","datePublished":"2023-07-19T14:02:29+00:00","dateModified":"2023-07-27T11:26:37+00:00","mainEntityOfPage":{"@id":"https:\/\/www.dexeuscampus.com\/ca\/blog\/obstetricia-ca\/jornada-dona-trombosi-visio-integrada\/"},"wordCount":190,"publisher":{"@id":"https:\/\/www.dexeuscampus.com\/ca\/#organization"},"image":{"@id":"https:\/\/www.dexeuscampus.com\/ca\/blog\/obstetricia-ca\/jornada-dona-trombosi-visio-integrada\/#primaryimage"},"thumbnailUrl":"https:\/\/www.dexeuscampus.com\/wp-content\/uploads\/2023\/07\/1jornada-mujer-trombosis-vision-integrada.jpg","articleSection":["Obstetr\u00edcia"],"inLanguage":"ca"},{"@type":"WebPage","@id":"https:\/\/www.dexeuscampus.com\/ca\/blog\/obstetricia-ca\/jornada-dona-trombosi-visio-integrada\/","url":"https:\/\/www.dexeuscampus.com\/ca\/blog\/obstetricia-ca\/jornada-dona-trombosi-visio-integrada\/","name":"Jornada \u201cDona i trombosi: una visi\u00f3 integrada\u201d - Dexeus Campus","isPartOf":{"@id":"https:\/\/www.dexeuscampus.com\/ca\/#website"},"primaryImageOfPage":{"@id":"https:\/\/www.dexeuscampus.com\/ca\/blog\/obstetricia-ca\/jornada-dona-trombosi-visio-integrada\/#primaryimage"},"image":{"@id":"https:\/\/www.dexeuscampus.com\/ca\/blog\/obstetricia-ca\/jornada-dona-trombosi-visio-integrada\/#primaryimage"},"thumbnailUrl":"https:\/\/www.dexeuscampus.com\/wp-content\/uploads\/2023\/07\/1jornada-mujer-trombosis-vision-integrada.jpg","datePublished":"2023-07-19T14:02:29+00:00","dateModified":"2023-07-27T11:26:37+00:00","description":"El 26 de maig va tenir lloc a l'auditori de Dexeus Dona la Jornada Dona i Trombosi, que organitzen de manera conjunta l'Hospital Universitari Dexeus i Dexeus Dona. La trobada t\u00e9 el suport de la Societat Espanyola de Trombosi i Hemost\u00e0sia (SETH), i el seu objectiu\u2026","breadcrumb":{"@id":"https:\/\/www.dexeuscampus.com\/ca\/blog\/obstetricia-ca\/jornada-dona-trombosi-visio-integrada\/#breadcrumb"},"inLanguage":"ca","potentialAction":[{"@type":"ReadAction","target":["https:\/\/www.dexeuscampus.com\/ca\/blog\/obstetricia-ca\/jornada-dona-trombosi-visio-integrada\/"]}]},{"@type":"ImageObject","inLanguage":"ca","@id":"https:\/\/www.dexeuscampus.com\/ca\/blog\/obstetricia-ca\/jornada-dona-trombosi-visio-integrada\/#primaryimage","url":"https:\/\/www.dexeuscampus.com\/wp-content\/uploads\/2023\/07\/1jornada-mujer-trombosis-vision-integrada.jpg","contentUrl":"https:\/\/www.dexeuscampus.com\/wp-content\/uploads\/2023\/07\/1jornada-mujer-trombosis-vision-integrada.jpg","width":1000,"height":600,"caption":"I Jornada Dexeus Mujer y trombosis: una visi\u00f3n integrada"},{"@type":"BreadcrumbList","@id":"https:\/\/www.dexeuscampus.com\/ca\/blog\/obstetricia-ca\/jornada-dona-trombosi-visio-integrada\/#breadcrumb","itemListElement":[{"@type":"ListItem","position":1,"name":"Portada","item":"https:\/\/www.dexeuscampus.com\/ca\/inici\/"},{"@type":"ListItem","position":2,"name":"Jornada \u201cDona i trombosi: una visi\u00f3 integrada\u201d"}]},{"@type":"WebSite","@id":"https:\/\/www.dexeuscampus.com\/ca\/#website","url":"https:\/\/www.dexeuscampus.com\/ca\/","name":"Dexeus Campus","description":"Plataforma online dirigida a los profesionales especializados en obstetricia, ginecolog\u00eda y reproducci\u00f3n","publisher":{"@id":"https:\/\/www.dexeuscampus.com\/ca\/#organization"},"potentialAction":[{"@type":"SearchAction","target":{"@type":"EntryPoint","urlTemplate":"https:\/\/www.dexeuscampus.com\/ca\/?s={search_term_string}"},"query-input":{"@type":"PropertyValueSpecification","valueRequired":true,"valueName":"search_term_string"}}],"inLanguage":"ca"},{"@type":"Organization","@id":"https:\/\/www.dexeuscampus.com\/ca\/#organization","name":"DEXEUS CAMPUS. FUNDACI\u00d3 DEXEUS DONA","url":"https:\/\/www.dexeuscampus.com\/ca\/","logo":{"@type":"ImageObject","inLanguage":"ca","@id":"https:\/\/www.dexeuscampus.com\/ca\/#\/schema\/logo\/image\/","url":"https:\/\/www.dexeuscampus.com\/wp-content\/uploads\/2021\/03\/Logo-Campus-Dexeus.png","contentUrl":"https:\/\/www.dexeuscampus.com\/wp-content\/uploads\/2021\/03\/Logo-Campus-Dexeus.png","width":2068,"height":1773,"caption":"DEXEUS CAMPUS. FUNDACI\u00d3 DEXEUS DONA"},"image":{"@id":"https:\/\/www.dexeuscampus.com\/ca\/#\/schema\/logo\/image\/"},"sameAs":["https:\/\/www.facebook.com\/CampusDexeus","https:\/\/x.com\/DexeusCampus","https:\/\/www.youtube.com\/user\/DexeusCampus","https:\/\/vimeo.com\/dexeuscampus","https:\/\/www.linkedin.com\/company\/dexeusmujer"]},{"@type":"Person","@id":"https:\/\/www.dexeuscampus.com\/ca\/#\/schema\/person\/48ba4a583d4098b26216190def081203","name":"Daniel G\u00e1miz Rivas","image":{"@type":"ImageObject","inLanguage":"ca","@id":"https:\/\/secure.gravatar.com\/avatar\/ac09a2b52d2985df5c98037a598fc78645cf024b1bd4638efd8ed48aad3f18c6?s=96&d=mm&r=g","url":"https:\/\/secure.gravatar.com\/avatar\/ac09a2b52d2985df5c98037a598fc78645cf024b1bd4638efd8ed48aad3f18c6?s=96&d=mm&r=g","contentUrl":"https:\/\/secure.gravatar.com\/avatar\/ac09a2b52d2985df5c98037a598fc78645cf024b1bd4638efd8ed48aad3f18c6?s=96&d=mm&r=g","caption":"Daniel G\u00e1miz Rivas"}}]}},"_links":{"self":[{"href":"https:\/\/www.dexeuscampus.com\/ca\/wp-json\/wp\/v2\/posts\/26014","targetHints":{"allow":["GET"]}}],"collection":[{"href":"https:\/\/www.dexeuscampus.com\/ca\/wp-json\/wp\/v2\/posts"}],"about":[{"href":"https:\/\/www.dexeuscampus.com\/ca\/wp-json\/wp\/v2\/types\/post"}],"author":[{"embeddable":true,"href":"https:\/\/www.dexeuscampus.com\/ca\/wp-json\/wp\/v2\/users\/3"}],"replies":[{"embeddable":true,"href":"https:\/\/www.dexeuscampus.com\/ca\/wp-json\/wp\/v2\/comments?post=26014"}],"version-history":[{"count":0,"href":"https:\/\/www.dexeuscampus.com\/ca\/wp-json\/wp\/v2\/posts\/26014\/revisions"}],"wp:featuredmedia":[{"embeddable":true,"href":"https:\/\/www.dexeuscampus.com\/ca\/wp-json\/wp\/v2\/media\/26021"}],"wp:attachment":[{"href":"https:\/\/www.dexeuscampus.com\/ca\/wp-json\/wp\/v2\/media?parent=26014"}],"wp:term":[{"taxonomy":"category","embeddable":true,"href":"https:\/\/www.dexeuscampus.com\/ca\/wp-json\/wp\/v2\/categories?post=26014"},{"taxonomy":"post_tag","embeddable":true,"href":"https:\/\/www.dexeuscampus.com\/ca\/wp-json\/wp\/v2\/tags?post=26014"}],"curies":[{"name":"wp","href":"https:\/\/api.w.org\/{rel}","templated":true}]}}