{"id":27764,"date":"2023-11-17T16:04:51","date_gmt":"2023-11-17T15:04:51","guid":{"rendered":"https:\/\/www.dexeuscampus.com\/blog\/sense-categoria\/xviii-premi-fundacio-dexeus-dona\/"},"modified":"2023-11-28T18:23:58","modified_gmt":"2023-11-28T17:23:58","slug":"xviii-premi-fundacio-dexeus-dona","status":"publish","type":"post","link":"https:\/\/www.dexeuscampus.com\/ca\/blog\/noticies\/xviii-premi-fundacio-dexeus-dona\/","title":{"rendered":"XVIII Premi Fundaci\u00f3 Dexeus Dona"},"content":{"rendered":"\t\t<div data-elementor-type=\"wp-post\" data-elementor-id=\"27764\" class=\"elementor elementor-27764 elementor-27737\" data-elementor-post-type=\"post\">\n\t\t\t\t\t\t<section class=\"elementor-section elementor-top-section elementor-element elementor-element-d6e99f8 elementor-section-boxed elementor-section-height-default elementor-section-height-default\" data-id=\"d6e99f8\" data-element_type=\"section\" data-e-type=\"section\">\n\t\t\t\t\t\t<div class=\"elementor-container elementor-column-gap-default\">\n\t\t\t\t\t<div class=\"elementor-column elementor-col-100 elementor-top-column elementor-element elementor-element-4fbaaa4\" data-id=\"4fbaaa4\" data-element_type=\"column\" data-e-type=\"column\">\n\t\t\t<div class=\"elementor-widget-wrap elementor-element-populated\">\n\t\t\t\t\t\t<div class=\"elementor-element elementor-element-be7d5b9 elementor-widget elementor-widget-heading\" data-id=\"be7d5b9\" data-element_type=\"widget\" data-e-type=\"widget\" data-widget_type=\"heading.default\">\n\t\t\t\t<div class=\"elementor-widget-container\">\n\t\t\t\t\t<h3 class=\"elementor-heading-title elementor-size-default\">La Fundaci\u00f3 Dexeus Dona premia a Ly Dumas, presidenta de l'ONG Jean-F\u00e9licien Gacha, i beca a una investigadora de l'ISGlobal per la seva labor a favor de la salut de la dona a \u00c0frica<\/h3>\t\t\t\t<\/div>\n\t\t\t\t<\/div>\n\t\t\t\t<div class=\"elementor-element elementor-element-cb5a020 elementor-widget elementor-widget-text-editor\" data-id=\"cb5a020\" data-element_type=\"widget\" data-e-type=\"widget\" data-widget_type=\"text-editor.default\">\n\t\t\t\t<div class=\"elementor-widget-container\">\n\t\t\t\t\t\t\t\t\t<p><strong>Barcelona, 17 de novembre<\/strong>.- Ahir al vespre va tenir lloc lloc a l\u2019auditori de la Fundaci\u00f3 Joan Mir\u00f3 l\u2019acte d\u2019entrega del XVIII Premi Fundaci\u00f3 Dexeus Dona, que en aquesta edici\u00f3 s\u2019ha concedit a la Sra. Ly Dumas, presidenta de la <a href=\"http:\/\/www.fondationgacha.org\/\" target=\"_blank\" rel=\"noopener\">Fundaci\u00f3 Jean-F\u00e9licien Gacha<\/a>. Aquesta ONG, fundada l\u2019any 2002, porta 20 anys treballant per millorar les condicions de vida de la poblaci\u00f3 rural de Camerun, la seva terra natal. La seu est\u00e0 ubicada a Bangoulap, en el nord-oest del pa\u00eds.<\/p>\n<p>El <a href=\"https:\/\/www.dexeuscampus.com\/ca\/coneix-nos\/fundacio\/premi-fundacio-dexeus-dona\/\">Premi Fundaci\u00f3 Dexeus Dona<\/a> \u00e9s de car\u00e0cter internacional i s&#8217;atorga anualment a una persona, equip de treball o instituci\u00f3 la traject\u00f2ria professional de la qual o l\u00ednia de recerca representi una contribuci\u00f3 rellevant en el camp de les Ci\u00e8ncies de la Salut, especialment referides a la dona. En aquesta edici\u00f3 va ser lliurat pel Dr. Pedro N. Barri, president de la <a href=\"https:\/\/www.dexeuscampus.com\/ca\/coneix-nos\/fundacio\/\">Fundaci\u00f3 Dexeus Dona<\/a>, a la Sra. Ly Dumas, que ho va recollir en persona.<\/p>\n<p>Ly Dumas ha dedicat la seva vida a preservar les tradicions artesanals de la cultura africana i impulsar l&#8217;activitat econ\u00f2mica local de la seva terra natal a trav\u00e9s de la Fundaci\u00f3 Jean-F\u00e9licien Gacha. A m\u00e9s d&#8217;activitats d&#8217;educaci\u00f3, coopera amb Hospitals, Universitats i institucions locals i internacionals per millorar les condicions de vida i l&#8217;acc\u00e9s als recursos sanitaris, que en les zones rurals s\u00f3n limitats.<\/p>\n<p>Gr\u00e0cies al seu suport, va ser possible realitzar una <a href=\"https:\/\/www.youtube.com\/watch?v=EvJ-Vfkq-wM\" target=\"_blank\" rel=\"noopener\">missi\u00f3 humanit\u00e0ria a Camerun<\/a> impulsada per la Fundaci\u00f3 Dexeus Dona al febrer d&#8217;enguany, en la qual van participar membres de l&#8217;equip m\u00e8dic i personal sanitari de Dexeus Dona i de l&#8217;Hospital Universitari Dexeus. El seu objectiu era oferir atenci\u00f3 sanit\u00e0ria urgent a la poblaci\u00f3 i impartir formaci\u00f3 a estudiants de medicina, professionals sanitaris i cirurgians locals per ampliar els seus coneixements en la pr\u00e0ctica d&#8217;intervencions ginecol\u00f2giques complexes. Per cobrir els costos dels medicaments, el material fungible i l&#8217;instrumental m\u00e8dic que es va despla\u00e7ar fins a Bangoulap es va dur a terme una campanya de micromecenatge, a trav\u00e9s de la plataforma <a href=\"https:\/\/www.migranodearena.org\/ca\" target=\"_blank\" rel=\"noopener\">migranodearena.org<\/a><\/p>\n<p>La Fundaci\u00f3 Dexeus Dona vol donar continu\u00eftat en el futur a aquest projecte, ja que permetr\u00e0 millorar l&#8217;atenci\u00f3 a la maternitat en aquesta zona, on \u00e9s habitual que, per falta de seguiment, molts nens neixin morts o les seves mares tinguin complicacions i problemes de salut durant l&#8217;embar\u00e0s, el part o el postpart.<\/p>\n<p>Juntament amb l\u2019acte d\u2019entrega del premi, es va lliurar la beca de suport que la Fundaci\u00f3 Dexeus Dona concedeix anualment a investigadors joves que impulsen projectes en l&#8217;\u00e0rea de la salut de la dona. Enguany la guanyadora ha estat Ant\u00eda Figueroa Romero, de l&#8217;Institut de Salut Global de Barcelona (<a href=\"https:\/\/www.isglobal.org\/\" target=\"_blank\" rel=\"noopener\">ISGlobal<\/a>), centre impulsat per la Fundaci\u00f3 \u201cla Caixa\u201d, pel projecte: \u201cAvaluaci\u00f3 de l&#8217;efectivitat de les vacunes contra la COVID-19 en gestants d&#8217;\u00c0frica sub-Sahariana\u201d, una de les zones del planeta que registra una mortalitat materna i neonatal m\u00e9s elevada.<\/p>\n<p>ISGlobal t\u00e9 per objectiu millorar la salut global i promoure l&#8217;equitat en salut a trav\u00e9s de l&#8217;excel\u00b7l\u00e8ncia en la recerca i de la translaci\u00f3 i aplicaci\u00f3 del coneixement. Ant\u00eda Figueroa Romero \u00e9s graduada en Farm\u00e0cia per la Universitat de Santiago de Compostel\u00b7la. En 2020, va obtenir el m\u00e0ster en Salut Global impartit per ISGlobal i la Universitat de Barcelona. Actualment \u00e9s epidemi\u00f2loga j\u00fanior i investigadora predoctoral en la Iniciativa de Salut Materna, Infantil i Reproductiva.<\/p>\n<p>La recerca dotada amb la beca t\u00e9 per objectiu avaluar l&#8217;efectivitat de la vacunaci\u00f3 contra la COVID-19 en gestants de diversos pa\u00efsos africans. Avui dia es coneix poc sobre com la infecci\u00f3 per SARS-CoV-2 afecta a aquesta poblaci\u00f3, i cap estudi ha analitzat l&#8217;efectivitat de la vacunaci\u00f3 per COVID-19 en dones embarassades d&#8217;\u00c0frica sub-Sahariana. S&#8217;espera que els resultats d&#8217;aquest estudi siguin de gran rellev\u00e0ncia, ja que permetran con\u00e8ixer, per primera vegada, l&#8217;efectivitat de les vacunes contra la COVID-19 en aquesta poblaci\u00f3 vulnerable.<\/p>\n<p>Si vols col\u00b7laborar amb una donaci\u00f3 per a la missi\u00f3 humanit\u00e0ria que fa peri\u00f2dicament la nostra Fundaci\u00f3 a Camerun, pots realitzar la teva <a href=\"https:\/\/www.migranodearena.org\/ca\/repte\/proyecto-camerun\" target=\"_blank\" rel=\"noopener\">aportaci\u00f3 aqu\u00ed<\/a>.<\/p>\n\t\t\t\t\t\t\t\t<\/div>\n\t\t\t\t<\/div>\n\t\t\t\t\t<\/div>\n\t\t<\/div>\n\t\t\t\t\t<\/div>\n\t\t<\/section>\n\t\t\t\t<section class=\"elementor-section elementor-top-section elementor-element elementor-element-9aaaef5 elementor-section-boxed elementor-section-height-default elementor-section-height-default\" data-id=\"9aaaef5\" data-element_type=\"section\" data-e-type=\"section\">\n\t\t\t\t\t\t<div class=\"elementor-container elementor-column-gap-default\">\n\t\t\t\t\t<div class=\"elementor-column elementor-col-100 elementor-top-column elementor-element elementor-element-e1c6846\" data-id=\"e1c6846\" data-element_type=\"column\" data-e-type=\"column\">\n\t\t\t<div class=\"elementor-widget-wrap elementor-element-populated\">\n\t\t\t\t\t\t<div class=\"elementor-element elementor-element-7072700 gallery-spacing-custom elementor-widget elementor-widget-image-gallery\" data-id=\"7072700\" data-element_type=\"widget\" data-e-type=\"widget\" data-widget_type=\"image-gallery.default\">\n\t\t\t\t<div class=\"elementor-widget-container\">\n\t\t\t\t\t\t\t<div class=\"elementor-image-gallery\">\n\t\t\t<div id='gallery-1' class='gallery galleryid-27764 gallery-columns-2 gallery-size-full'><figure class='gallery-item'>\n\t\t\t<div class='gallery-icon landscape'>\n\t\t\t\t<a data-elementor-open-lightbox=\"yes\" data-elementor-lightbox-slideshow=\"7072700\" data-elementor-lightbox-title=\"xviii-premio-fundacion-dexeus-mujer01\" data-elementor-lightbox-description=\"XVIII Premio Fundaci\u00f3n Dexeus Mujer\" data-e-action-hash=\"#elementor-action%3Aaction%3Dlightbox%26settings%3DeyJpZCI6Mjc3NDQsInVybCI6Imh0dHBzOlwvXC93d3cuZGV4ZXVzY2FtcHVzLmNvbVwvd3AtY29udGVudFwvdXBsb2Fkc1wvMjAyM1wvMTFcL3h2aWlpLXByZW1pby1mdW5kYWNpb24tZGV4ZXVzLW11amVyMDEuanBnIiwic2xpZGVzaG93IjoiNzA3MjcwMCJ9\" href='https:\/\/www.dexeuscampus.com\/wp-content\/uploads\/2023\/11\/xviii-premio-fundacion-dexeus-mujer01.jpg'><img fetchpriority=\"high\" width=\"800\" height=\"666\" src=\"https:\/\/www.dexeuscampus.com\/wp-content\/uploads\/2023\/11\/xviii-premio-fundacion-dexeus-mujer01.jpg\" class=\"attachment-full size-full\" alt=\"XVIII Premio Fundaci\u00f3n Dexeus Mujer\" decoding=\"async\" srcset=\"https:\/\/www.dexeuscampus.com\/wp-content\/uploads\/2023\/11\/xviii-premio-fundacion-dexeus-mujer01.jpg 800w, https:\/\/www.dexeuscampus.com\/wp-content\/uploads\/2023\/11\/xviii-premio-fundacion-dexeus-mujer01-300x250.jpg 300w, https:\/\/www.dexeuscampus.com\/wp-content\/uploads\/2023\/11\/xviii-premio-fundacion-dexeus-mujer01-768x639.jpg 768w, https:\/\/www.dexeuscampus.com\/wp-content\/uploads\/2023\/11\/xviii-premio-fundacion-dexeus-mujer01-600x500.jpg 600w\" sizes=\"(max-width: 800px) 100vw, 800px\" \/><\/a>\n\t\t\t<\/div><\/figure><figure class='gallery-item'>\n\t\t\t<div class='gallery-icon landscape'>\n\t\t\t\t<a data-elementor-open-lightbox=\"yes\" data-elementor-lightbox-slideshow=\"7072700\" data-elementor-lightbox-title=\"xviii-premio-fundacion-dexeus-mujer02\" data-elementor-lightbox-description=\"XVIII Premio Fundaci\u00f3n Dexeus Mujer\" data-e-action-hash=\"#elementor-action%3Aaction%3Dlightbox%26settings%3DeyJpZCI6Mjc3NDcsInVybCI6Imh0dHBzOlwvXC93d3cuZGV4ZXVzY2FtcHVzLmNvbVwvd3AtY29udGVudFwvdXBsb2Fkc1wvMjAyM1wvMTFcL3h2aWlpLXByZW1pby1mdW5kYWNpb24tZGV4ZXVzLW11amVyMDIuanBnIiwic2xpZGVzaG93IjoiNzA3MjcwMCJ9\" href='https:\/\/www.dexeuscampus.com\/wp-content\/uploads\/2023\/11\/xviii-premio-fundacion-dexeus-mujer02.jpg'><img width=\"800\" height=\"666\" src=\"https:\/\/www.dexeuscampus.com\/wp-content\/uploads\/2023\/11\/xviii-premio-fundacion-dexeus-mujer02.jpg\" class=\"attachment-full size-full\" alt=\"XVIII Premio Fundaci\u00f3n Dexeus Mujer\" decoding=\"async\" srcset=\"https:\/\/www.dexeuscampus.com\/wp-content\/uploads\/2023\/11\/xviii-premio-fundacion-dexeus-mujer02.jpg 800w, https:\/\/www.dexeuscampus.com\/wp-content\/uploads\/2023\/11\/xviii-premio-fundacion-dexeus-mujer02-300x250.jpg 300w, https:\/\/www.dexeuscampus.com\/wp-content\/uploads\/2023\/11\/xviii-premio-fundacion-dexeus-mujer02-768x639.jpg 768w, https:\/\/www.dexeuscampus.com\/wp-content\/uploads\/2023\/11\/xviii-premio-fundacion-dexeus-mujer02-600x500.jpg 600w\" sizes=\"(max-width: 800px) 100vw, 800px\" \/><\/a>\n\t\t\t<\/div><\/figure>\n\t\t<\/div>\n\t\t<\/div>\n\t\t\t\t\t\t<\/div>\n\t\t\t\t<\/div>\n\t\t\t\t\t<\/div>\n\t\t<\/div>\n\t\t\t\t\t<\/div>\n\t\t<\/section>\n\t\t\t\t<\/div>\n\t\t","protected":false},"excerpt":{"rendered":"<p>La Fundaci\u00f3 Dexeus Dona premia a Ly Dumas, presidenta de l&#8217;ONG Jean-F\u00e9licien Gacha, i beca a una investigadora de l&#8217;ISGlobal per la seva labor a favor de la salut de la dona a \u00c0frica.<\/p>\n","protected":false},"author":3,"featured_media":27756,"comment_status":"closed","ping_status":"closed","sticky":false,"template":"","format":"standard","meta":{"footnotes":""},"categories":[202],"tags":[],"class_list":["post-27764","post","type-post","status-publish","format-standard","has-post-thumbnail","hentry","category-noticies"],"yoast_head":"<!-- This site is optimized with the Yoast SEO plugin v27.5 - https:\/\/yoast.com\/product\/yoast-seo-wordpress\/ -->\n<title>XVIII Premi Fundaci\u00f3 Dexeus Dona - Dexeus Campus<\/title>\n<meta name=\"description\" content=\"La Fundaci\u00f3 Dexeus Dona premia a Ly Dumas, presidenta de l&#039;ONG Jean-F\u00e9licien Gacha, i beca a una investigadora de l&#039;ISGlobal per la seva labor a favor de la salut de la dona a \u00c0frica.\" \/>\n<meta name=\"robots\" content=\"index, follow, max-snippet:-1, max-image-preview:large, max-video-preview:-1\" \/>\n<link rel=\"canonical\" href=\"https:\/\/www.dexeuscampus.com\/ca\/blog\/noticies\/xviii-premi-fundacio-dexeus-dona\/\" \/>\n<meta property=\"og:locale\" content=\"ca_ES\" \/>\n<meta property=\"og:type\" content=\"article\" \/>\n<meta property=\"og:title\" content=\"XVIII Premi Fundaci\u00f3 Dexeus Dona - Dexeus Campus\" \/>\n<meta property=\"og:description\" content=\"La Fundaci\u00f3 Dexeus Dona premia a Ly Dumas, presidenta de l&#039;ONG Jean-F\u00e9licien Gacha, i beca a una investigadora de l&#039;ISGlobal per la seva labor a favor de la salut de la dona a \u00c0frica.\" \/>\n<meta property=\"og:url\" content=\"https:\/\/www.dexeuscampus.com\/ca\/blog\/noticies\/xviii-premi-fundacio-dexeus-dona\/\" \/>\n<meta property=\"og:site_name\" content=\"Dexeus Campus\" \/>\n<meta property=\"article:publisher\" content=\"https:\/\/www.facebook.com\/CampusDexeus\" \/>\n<meta property=\"article:published_time\" content=\"2023-11-17T15:04:51+00:00\" \/>\n<meta property=\"article:modified_time\" content=\"2023-11-28T17:23:58+00:00\" \/>\n<meta property=\"og:image\" content=\"https:\/\/www.dexeuscampus.com\/wp-content\/uploads\/2023\/11\/xviii-premio-fundacion-dexeus-mujer00.jpg\" \/>\n\t<meta property=\"og:image:width\" content=\"1200\" \/>\n\t<meta property=\"og:image:height\" content=\"999\" \/>\n\t<meta property=\"og:image:type\" content=\"image\/jpeg\" \/>\n<meta name=\"author\" content=\"Daniel G\u00e1miz Rivas\" \/>\n<meta name=\"twitter:card\" content=\"summary_large_image\" \/>\n<meta name=\"twitter:creator\" content=\"@DexeusCampus\" \/>\n<meta name=\"twitter:site\" content=\"@DexeusCampus\" \/>\n<meta name=\"twitter:label1\" content=\"Escrit per\" \/>\n\t<meta name=\"twitter:data1\" content=\"Daniel G\u00e1miz Rivas\" \/>\n\t<meta name=\"twitter:label2\" content=\"Temps estimat de lectura\" \/>\n\t<meta name=\"twitter:data2\" content=\"4 minuts\" \/>\n<script type=\"application\/ld+json\" class=\"yoast-schema-graph\">{\"@context\":\"https:\\\/\\\/schema.org\",\"@graph\":[{\"@type\":\"Article\",\"@id\":\"https:\\\/\\\/www.dexeuscampus.com\\\/ca\\\/blog\\\/noticies\\\/xviii-premi-fundacio-dexeus-dona\\\/#article\",\"isPartOf\":{\"@id\":\"https:\\\/\\\/www.dexeuscampus.com\\\/ca\\\/blog\\\/noticies\\\/xviii-premi-fundacio-dexeus-dona\\\/\"},\"author\":{\"name\":\"Daniel G\u00e1miz Rivas\",\"@id\":\"https:\\\/\\\/www.dexeuscampus.com\\\/ca\\\/#\\\/schema\\\/person\\\/48ba4a583d4098b26216190def081203\"},\"headline\":\"XVIII Premi Fundaci\u00f3 Dexeus Dona\",\"datePublished\":\"2023-11-17T15:04:51+00:00\",\"dateModified\":\"2023-11-28T17:23:58+00:00\",\"mainEntityOfPage\":{\"@id\":\"https:\\\/\\\/www.dexeuscampus.com\\\/ca\\\/blog\\\/noticies\\\/xviii-premi-fundacio-dexeus-dona\\\/\"},\"wordCount\":739,\"publisher\":{\"@id\":\"https:\\\/\\\/www.dexeuscampus.com\\\/ca\\\/#organization\"},\"image\":{\"@id\":\"https:\\\/\\\/www.dexeuscampus.com\\\/ca\\\/blog\\\/noticies\\\/xviii-premi-fundacio-dexeus-dona\\\/#primaryimage\"},\"thumbnailUrl\":\"https:\\\/\\\/www.dexeuscampus.com\\\/wp-content\\\/uploads\\\/2023\\\/11\\\/xviii-premio-fundacion-dexeus-mujer00.jpg\",\"articleSection\":[\"Not\u00edcies\"],\"inLanguage\":\"ca\"},{\"@type\":\"WebPage\",\"@id\":\"https:\\\/\\\/www.dexeuscampus.com\\\/ca\\\/blog\\\/noticies\\\/xviii-premi-fundacio-dexeus-dona\\\/\",\"url\":\"https:\\\/\\\/www.dexeuscampus.com\\\/ca\\\/blog\\\/noticies\\\/xviii-premi-fundacio-dexeus-dona\\\/\",\"name\":\"XVIII Premi Fundaci\u00f3 Dexeus Dona - Dexeus Campus\",\"isPartOf\":{\"@id\":\"https:\\\/\\\/www.dexeuscampus.com\\\/ca\\\/#website\"},\"primaryImageOfPage\":{\"@id\":\"https:\\\/\\\/www.dexeuscampus.com\\\/ca\\\/blog\\\/noticies\\\/xviii-premi-fundacio-dexeus-dona\\\/#primaryimage\"},\"image\":{\"@id\":\"https:\\\/\\\/www.dexeuscampus.com\\\/ca\\\/blog\\\/noticies\\\/xviii-premi-fundacio-dexeus-dona\\\/#primaryimage\"},\"thumbnailUrl\":\"https:\\\/\\\/www.dexeuscampus.com\\\/wp-content\\\/uploads\\\/2023\\\/11\\\/xviii-premio-fundacion-dexeus-mujer00.jpg\",\"datePublished\":\"2023-11-17T15:04:51+00:00\",\"dateModified\":\"2023-11-28T17:23:58+00:00\",\"description\":\"La Fundaci\u00f3 Dexeus Dona premia a Ly Dumas, presidenta de l'ONG Jean-F\u00e9licien Gacha, i beca a una investigadora de l'ISGlobal per la seva labor a favor de la salut de la dona a \u00c0frica.\",\"breadcrumb\":{\"@id\":\"https:\\\/\\\/www.dexeuscampus.com\\\/ca\\\/blog\\\/noticies\\\/xviii-premi-fundacio-dexeus-dona\\\/#breadcrumb\"},\"inLanguage\":\"ca\",\"potentialAction\":[{\"@type\":\"ReadAction\",\"target\":[\"https:\\\/\\\/www.dexeuscampus.com\\\/ca\\\/blog\\\/noticies\\\/xviii-premi-fundacio-dexeus-dona\\\/\"]}]},{\"@type\":\"ImageObject\",\"inLanguage\":\"ca\",\"@id\":\"https:\\\/\\\/www.dexeuscampus.com\\\/ca\\\/blog\\\/noticies\\\/xviii-premi-fundacio-dexeus-dona\\\/#primaryimage\",\"url\":\"https:\\\/\\\/www.dexeuscampus.com\\\/wp-content\\\/uploads\\\/2023\\\/11\\\/xviii-premio-fundacion-dexeus-mujer00.jpg\",\"contentUrl\":\"https:\\\/\\\/www.dexeuscampus.com\\\/wp-content\\\/uploads\\\/2023\\\/11\\\/xviii-premio-fundacion-dexeus-mujer00.jpg\",\"width\":1200,\"height\":999,\"caption\":\"XVIII Premio Fundaci\u00f3n Dexeus Mujer\"},{\"@type\":\"BreadcrumbList\",\"@id\":\"https:\\\/\\\/www.dexeuscampus.com\\\/ca\\\/blog\\\/noticies\\\/xviii-premi-fundacio-dexeus-dona\\\/#breadcrumb\",\"itemListElement\":[{\"@type\":\"ListItem\",\"position\":1,\"name\":\"Portada\",\"item\":\"https:\\\/\\\/www.dexeuscampus.com\\\/ca\\\/inici\\\/\"},{\"@type\":\"ListItem\",\"position\":2,\"name\":\"XVIII Premi Fundaci\u00f3 Dexeus Dona\"}]},{\"@type\":\"WebSite\",\"@id\":\"https:\\\/\\\/www.dexeuscampus.com\\\/ca\\\/#website\",\"url\":\"https:\\\/\\\/www.dexeuscampus.com\\\/ca\\\/\",\"name\":\"Dexeus Campus\",\"description\":\"Plataforma online dirigida a los profesionales especializados en obstetricia, ginecolog\u00eda y reproducci\u00f3n\",\"publisher\":{\"@id\":\"https:\\\/\\\/www.dexeuscampus.com\\\/ca\\\/#organization\"},\"potentialAction\":[{\"@type\":\"SearchAction\",\"target\":{\"@type\":\"EntryPoint\",\"urlTemplate\":\"https:\\\/\\\/www.dexeuscampus.com\\\/ca\\\/?s={search_term_string}\"},\"query-input\":{\"@type\":\"PropertyValueSpecification\",\"valueRequired\":true,\"valueName\":\"search_term_string\"}}],\"inLanguage\":\"ca\"},{\"@type\":\"Organization\",\"@id\":\"https:\\\/\\\/www.dexeuscampus.com\\\/ca\\\/#organization\",\"name\":\"DEXEUS CAMPUS. FUNDACI\u00d3 DEXEUS DONA\",\"url\":\"https:\\\/\\\/www.dexeuscampus.com\\\/ca\\\/\",\"logo\":{\"@type\":\"ImageObject\",\"inLanguage\":\"ca\",\"@id\":\"https:\\\/\\\/www.dexeuscampus.com\\\/ca\\\/#\\\/schema\\\/logo\\\/image\\\/\",\"url\":\"https:\\\/\\\/www.dexeuscampus.com\\\/wp-content\\\/uploads\\\/2021\\\/03\\\/Logo-Campus-Dexeus.png\",\"contentUrl\":\"https:\\\/\\\/www.dexeuscampus.com\\\/wp-content\\\/uploads\\\/2021\\\/03\\\/Logo-Campus-Dexeus.png\",\"width\":2068,\"height\":1773,\"caption\":\"DEXEUS CAMPUS. FUNDACI\u00d3 DEXEUS DONA\"},\"image\":{\"@id\":\"https:\\\/\\\/www.dexeuscampus.com\\\/ca\\\/#\\\/schema\\\/logo\\\/image\\\/\"},\"sameAs\":[\"https:\\\/\\\/www.facebook.com\\\/CampusDexeus\",\"https:\\\/\\\/x.com\\\/DexeusCampus\",\"https:\\\/\\\/www.youtube.com\\\/user\\\/DexeusCampus\",\"https:\\\/\\\/vimeo.com\\\/dexeuscampus\",\"https:\\\/\\\/www.linkedin.com\\\/company\\\/dexeusmujer\"]},{\"@type\":\"Person\",\"@id\":\"https:\\\/\\\/www.dexeuscampus.com\\\/ca\\\/#\\\/schema\\\/person\\\/48ba4a583d4098b26216190def081203\",\"name\":\"Daniel G\u00e1miz Rivas\",\"image\":{\"@type\":\"ImageObject\",\"inLanguage\":\"ca\",\"@id\":\"https:\\\/\\\/secure.gravatar.com\\\/avatar\\\/ac09a2b52d2985df5c98037a598fc78645cf024b1bd4638efd8ed48aad3f18c6?s=96&d=mm&r=g\",\"url\":\"https:\\\/\\\/secure.gravatar.com\\\/avatar\\\/ac09a2b52d2985df5c98037a598fc78645cf024b1bd4638efd8ed48aad3f18c6?s=96&d=mm&r=g\",\"contentUrl\":\"https:\\\/\\\/secure.gravatar.com\\\/avatar\\\/ac09a2b52d2985df5c98037a598fc78645cf024b1bd4638efd8ed48aad3f18c6?s=96&d=mm&r=g\",\"caption\":\"Daniel G\u00e1miz Rivas\"}}]}<\/script>\n<!-- \/ Yoast SEO plugin. -->","yoast_head_json":{"title":"XVIII Premi Fundaci\u00f3 Dexeus Dona - Dexeus Campus","description":"La Fundaci\u00f3 Dexeus Dona premia a Ly Dumas, presidenta de l'ONG Jean-F\u00e9licien Gacha, i beca a una investigadora de l'ISGlobal per la seva labor a favor de la salut de la dona a \u00c0frica.","robots":{"index":"index","follow":"follow","max-snippet":"max-snippet:-1","max-image-preview":"max-image-preview:large","max-video-preview":"max-video-preview:-1"},"canonical":"https:\/\/www.dexeuscampus.com\/ca\/blog\/noticies\/xviii-premi-fundacio-dexeus-dona\/","og_locale":"ca_ES","og_type":"article","og_title":"XVIII Premi Fundaci\u00f3 Dexeus Dona - Dexeus Campus","og_description":"La Fundaci\u00f3 Dexeus Dona premia a Ly Dumas, presidenta de l'ONG Jean-F\u00e9licien Gacha, i beca a una investigadora de l'ISGlobal per la seva labor a favor de la salut de la dona a \u00c0frica.","og_url":"https:\/\/www.dexeuscampus.com\/ca\/blog\/noticies\/xviii-premi-fundacio-dexeus-dona\/","og_site_name":"Dexeus Campus","article_publisher":"https:\/\/www.facebook.com\/CampusDexeus","article_published_time":"2023-11-17T15:04:51+00:00","article_modified_time":"2023-11-28T17:23:58+00:00","og_image":[{"width":1200,"height":999,"url":"https:\/\/www.dexeuscampus.com\/wp-content\/uploads\/2023\/11\/xviii-premio-fundacion-dexeus-mujer00.jpg","type":"image\/jpeg"}],"author":"Daniel G\u00e1miz Rivas","twitter_card":"summary_large_image","twitter_creator":"@DexeusCampus","twitter_site":"@DexeusCampus","twitter_misc":{"Escrit per":"Daniel G\u00e1miz Rivas","Temps estimat de lectura":"4 minuts"},"schema":{"@context":"https:\/\/schema.org","@graph":[{"@type":"Article","@id":"https:\/\/www.dexeuscampus.com\/ca\/blog\/noticies\/xviii-premi-fundacio-dexeus-dona\/#article","isPartOf":{"@id":"https:\/\/www.dexeuscampus.com\/ca\/blog\/noticies\/xviii-premi-fundacio-dexeus-dona\/"},"author":{"name":"Daniel G\u00e1miz Rivas","@id":"https:\/\/www.dexeuscampus.com\/ca\/#\/schema\/person\/48ba4a583d4098b26216190def081203"},"headline":"XVIII Premi Fundaci\u00f3 Dexeus Dona","datePublished":"2023-11-17T15:04:51+00:00","dateModified":"2023-11-28T17:23:58+00:00","mainEntityOfPage":{"@id":"https:\/\/www.dexeuscampus.com\/ca\/blog\/noticies\/xviii-premi-fundacio-dexeus-dona\/"},"wordCount":739,"publisher":{"@id":"https:\/\/www.dexeuscampus.com\/ca\/#organization"},"image":{"@id":"https:\/\/www.dexeuscampus.com\/ca\/blog\/noticies\/xviii-premi-fundacio-dexeus-dona\/#primaryimage"},"thumbnailUrl":"https:\/\/www.dexeuscampus.com\/wp-content\/uploads\/2023\/11\/xviii-premio-fundacion-dexeus-mujer00.jpg","articleSection":["Not\u00edcies"],"inLanguage":"ca"},{"@type":"WebPage","@id":"https:\/\/www.dexeuscampus.com\/ca\/blog\/noticies\/xviii-premi-fundacio-dexeus-dona\/","url":"https:\/\/www.dexeuscampus.com\/ca\/blog\/noticies\/xviii-premi-fundacio-dexeus-dona\/","name":"XVIII Premi Fundaci\u00f3 Dexeus Dona - Dexeus Campus","isPartOf":{"@id":"https:\/\/www.dexeuscampus.com\/ca\/#website"},"primaryImageOfPage":{"@id":"https:\/\/www.dexeuscampus.com\/ca\/blog\/noticies\/xviii-premi-fundacio-dexeus-dona\/#primaryimage"},"image":{"@id":"https:\/\/www.dexeuscampus.com\/ca\/blog\/noticies\/xviii-premi-fundacio-dexeus-dona\/#primaryimage"},"thumbnailUrl":"https:\/\/www.dexeuscampus.com\/wp-content\/uploads\/2023\/11\/xviii-premio-fundacion-dexeus-mujer00.jpg","datePublished":"2023-11-17T15:04:51+00:00","dateModified":"2023-11-28T17:23:58+00:00","description":"La Fundaci\u00f3 Dexeus Dona premia a Ly Dumas, presidenta de l'ONG Jean-F\u00e9licien Gacha, i beca a una investigadora de l'ISGlobal per la seva labor a favor de la salut de la dona a \u00c0frica.","breadcrumb":{"@id":"https:\/\/www.dexeuscampus.com\/ca\/blog\/noticies\/xviii-premi-fundacio-dexeus-dona\/#breadcrumb"},"inLanguage":"ca","potentialAction":[{"@type":"ReadAction","target":["https:\/\/www.dexeuscampus.com\/ca\/blog\/noticies\/xviii-premi-fundacio-dexeus-dona\/"]}]},{"@type":"ImageObject","inLanguage":"ca","@id":"https:\/\/www.dexeuscampus.com\/ca\/blog\/noticies\/xviii-premi-fundacio-dexeus-dona\/#primaryimage","url":"https:\/\/www.dexeuscampus.com\/wp-content\/uploads\/2023\/11\/xviii-premio-fundacion-dexeus-mujer00.jpg","contentUrl":"https:\/\/www.dexeuscampus.com\/wp-content\/uploads\/2023\/11\/xviii-premio-fundacion-dexeus-mujer00.jpg","width":1200,"height":999,"caption":"XVIII Premio Fundaci\u00f3n Dexeus Mujer"},{"@type":"BreadcrumbList","@id":"https:\/\/www.dexeuscampus.com\/ca\/blog\/noticies\/xviii-premi-fundacio-dexeus-dona\/#breadcrumb","itemListElement":[{"@type":"ListItem","position":1,"name":"Portada","item":"https:\/\/www.dexeuscampus.com\/ca\/inici\/"},{"@type":"ListItem","position":2,"name":"XVIII Premi Fundaci\u00f3 Dexeus Dona"}]},{"@type":"WebSite","@id":"https:\/\/www.dexeuscampus.com\/ca\/#website","url":"https:\/\/www.dexeuscampus.com\/ca\/","name":"Dexeus Campus","description":"Plataforma online dirigida a los profesionales especializados en obstetricia, ginecolog\u00eda y reproducci\u00f3n","publisher":{"@id":"https:\/\/www.dexeuscampus.com\/ca\/#organization"},"potentialAction":[{"@type":"SearchAction","target":{"@type":"EntryPoint","urlTemplate":"https:\/\/www.dexeuscampus.com\/ca\/?s={search_term_string}"},"query-input":{"@type":"PropertyValueSpecification","valueRequired":true,"valueName":"search_term_string"}}],"inLanguage":"ca"},{"@type":"Organization","@id":"https:\/\/www.dexeuscampus.com\/ca\/#organization","name":"DEXEUS CAMPUS. FUNDACI\u00d3 DEXEUS DONA","url":"https:\/\/www.dexeuscampus.com\/ca\/","logo":{"@type":"ImageObject","inLanguage":"ca","@id":"https:\/\/www.dexeuscampus.com\/ca\/#\/schema\/logo\/image\/","url":"https:\/\/www.dexeuscampus.com\/wp-content\/uploads\/2021\/03\/Logo-Campus-Dexeus.png","contentUrl":"https:\/\/www.dexeuscampus.com\/wp-content\/uploads\/2021\/03\/Logo-Campus-Dexeus.png","width":2068,"height":1773,"caption":"DEXEUS CAMPUS. FUNDACI\u00d3 DEXEUS DONA"},"image":{"@id":"https:\/\/www.dexeuscampus.com\/ca\/#\/schema\/logo\/image\/"},"sameAs":["https:\/\/www.facebook.com\/CampusDexeus","https:\/\/x.com\/DexeusCampus","https:\/\/www.youtube.com\/user\/DexeusCampus","https:\/\/vimeo.com\/dexeuscampus","https:\/\/www.linkedin.com\/company\/dexeusmujer"]},{"@type":"Person","@id":"https:\/\/www.dexeuscampus.com\/ca\/#\/schema\/person\/48ba4a583d4098b26216190def081203","name":"Daniel G\u00e1miz Rivas","image":{"@type":"ImageObject","inLanguage":"ca","@id":"https:\/\/secure.gravatar.com\/avatar\/ac09a2b52d2985df5c98037a598fc78645cf024b1bd4638efd8ed48aad3f18c6?s=96&d=mm&r=g","url":"https:\/\/secure.gravatar.com\/avatar\/ac09a2b52d2985df5c98037a598fc78645cf024b1bd4638efd8ed48aad3f18c6?s=96&d=mm&r=g","contentUrl":"https:\/\/secure.gravatar.com\/avatar\/ac09a2b52d2985df5c98037a598fc78645cf024b1bd4638efd8ed48aad3f18c6?s=96&d=mm&r=g","caption":"Daniel G\u00e1miz Rivas"}}]}},"_links":{"self":[{"href":"https:\/\/www.dexeuscampus.com\/ca\/wp-json\/wp\/v2\/posts\/27764","targetHints":{"allow":["GET"]}}],"collection":[{"href":"https:\/\/www.dexeuscampus.com\/ca\/wp-json\/wp\/v2\/posts"}],"about":[{"href":"https:\/\/www.dexeuscampus.com\/ca\/wp-json\/wp\/v2\/types\/post"}],"author":[{"embeddable":true,"href":"https:\/\/www.dexeuscampus.com\/ca\/wp-json\/wp\/v2\/users\/3"}],"replies":[{"embeddable":true,"href":"https:\/\/www.dexeuscampus.com\/ca\/wp-json\/wp\/v2\/comments?post=27764"}],"version-history":[{"count":0,"href":"https:\/\/www.dexeuscampus.com\/ca\/wp-json\/wp\/v2\/posts\/27764\/revisions"}],"wp:featuredmedia":[{"embeddable":true,"href":"https:\/\/www.dexeuscampus.com\/ca\/wp-json\/wp\/v2\/media\/27756"}],"wp:attachment":[{"href":"https:\/\/www.dexeuscampus.com\/ca\/wp-json\/wp\/v2\/media?parent=27764"}],"wp:term":[{"taxonomy":"category","embeddable":true,"href":"https:\/\/www.dexeuscampus.com\/ca\/wp-json\/wp\/v2\/categories?post=27764"},{"taxonomy":"post_tag","embeddable":true,"href":"https:\/\/www.dexeuscampus.com\/ca\/wp-json\/wp\/v2\/tags?post=27764"}],"curies":[{"name":"wp","href":"https:\/\/api.w.org\/{rel}","templated":true}]}}