{"id":29105,"date":"2024-02-21T11:42:28","date_gmt":"2024-02-21T10:42:28","guid":{"rendered":"https:\/\/www.dexeuscampus.com\/blog\/sense-categoria\/la-dra-montserrat-boada-sera-la-presidenta-del-proxim-congres-dasebir-que-se-celebrara-a-barcelona-en-el-2025\/"},"modified":"2024-03-07T12:05:34","modified_gmt":"2024-03-07T11:05:34","slug":"dra-montserrat-boada-presidenta-congres-asebir-2025","status":"publish","type":"post","link":"https:\/\/www.dexeuscampus.com\/ca\/blog\/reproduccio-assistida\/dra-montserrat-boada-presidenta-congres-asebir-2025\/","title":{"rendered":"La Dra. Montserrat Boada ser\u00e0 la Presidenta del pr\u00f2xim Congr\u00e9s d\u2019ASEBIR, que se celebrar\u00e0 a Barcelona en el 2025"},"content":{"rendered":"\t\t<div data-elementor-type=\"wp-post\" data-elementor-id=\"29105\" class=\"elementor elementor-29105 elementor-29068\" data-elementor-post-type=\"post\">\n\t\t\t\t\t\t<section class=\"elementor-section elementor-top-section elementor-element elementor-element-9d966e1 elementor-section-boxed elementor-section-height-default elementor-section-height-default\" data-id=\"9d966e1\" data-element_type=\"section\" data-e-type=\"section\">\n\t\t\t\t\t\t<div class=\"elementor-container elementor-column-gap-default\">\n\t\t\t\t\t<div class=\"elementor-column elementor-col-100 elementor-top-column elementor-element elementor-element-384d917\" data-id=\"384d917\" data-element_type=\"column\" data-e-type=\"column\">\n\t\t\t<div class=\"elementor-widget-wrap elementor-element-populated\">\n\t\t\t\t\t\t<div class=\"elementor-element elementor-element-b57a1f8 elementor-widget elementor-widget-text-editor\" data-id=\"b57a1f8\" data-element_type=\"widget\" data-e-type=\"widget\" data-widget_type=\"text-editor.default\">\n\t\t\t\t<div class=\"elementor-widget-container\">\n\t\t\t\t\t\t\t\t\t<p>En el XII Congr\u00e9s de ASEBIR celebrat a Palma el mes de novembre passat, es va proclamar la candidatura de BARCELONA, liderada per la Dra. Montserrat Boada de Dexeus Dona, com a seu per al pr\u00f2xim Congr\u00e9s d\u2019ASEBIR, societat cient\u00edfica que agrupa la majoria dels professionals que desenvolupen la seva activitat en l&#8217;\u00e0mbit de la Biologia de la Reproducci\u00f3 del nostre pa\u00eds.<\/p>\n<p>La candidatura est\u00e0 formada per 18 embri\u00f2legs molt experimentats que treballen tant en centres p\u00fablics com privats i universitats, i que representen a la majoria de centres de reproducci\u00f3 assistida de Barcelona.<\/p>\n<p>La candidatura de Barcelona es va valorar com a seu id\u00f2nia per a un congr\u00e9s d\u2019ASEBIR ja que Barcelona \u00e9s una ciutat avantguardista, cosmopolita, amb molt bones comunicacions, una gran oferta hotelera i gran atractiu cultural, a m\u00e9s d&#8217;una ciutat de refer\u00e8ncia en l&#8217;\u00e0mbit biom\u00e8dic i especialment en el de la Reproducci\u00f3 Assistida.<\/p>\n\t\t\t\t\t\t\t\t<\/div>\n\t\t\t\t<\/div>\n\t\t\t\t\t<\/div>\n\t\t<\/div>\n\t\t\t\t\t<\/div>\n\t\t<\/section>\n\t\t\t\t<section class=\"elementor-section elementor-top-section elementor-element elementor-element-0d0654a elementor-section-boxed elementor-section-height-default elementor-section-height-default\" data-id=\"0d0654a\" data-element_type=\"section\" data-e-type=\"section\">\n\t\t\t\t\t\t<div class=\"elementor-container elementor-column-gap-default\">\n\t\t\t\t\t<div class=\"elementor-column elementor-col-100 elementor-top-column elementor-element elementor-element-27057bb\" data-id=\"27057bb\" data-element_type=\"column\" data-e-type=\"column\">\n\t\t\t<div class=\"elementor-widget-wrap elementor-element-populated\">\n\t\t\t\t\t\t<div class=\"elementor-element elementor-element-bb63132 gallery-spacing-custom elementor-widget elementor-widget-image-gallery\" data-id=\"bb63132\" data-element_type=\"widget\" data-e-type=\"widget\" data-widget_type=\"image-gallery.default\">\n\t\t\t\t<div class=\"elementor-widget-container\">\n\t\t\t\t\t\t\t<div class=\"elementor-image-gallery\">\n\t\t\t<div id='gallery-1' class='gallery galleryid-29105 gallery-columns-2 gallery-size-medium_large'><figure class='gallery-item'>\n\t\t\t<div class='gallery-icon landscape'>\n\t\t\t\t<a data-elementor-open-lightbox=\"yes\" data-elementor-lightbox-slideshow=\"bb63132\" data-elementor-lightbox-title=\"Presentaci\u00f3 dels membres de la candidatura ASEBIR-BCN2025 en el congr\u00e9s de ASEBIR-Palma 2023 per part de la Dra. Montse Boada.\" data-e-action-hash=\"#elementor-action%3Aaction%3Dlightbox%26settings%3DeyJpZCI6MjkwNzQsInVybCI6Imh0dHBzOlwvXC93d3cuZGV4ZXVzY2FtcHVzLmNvbVwvd3AtY29udGVudFwvdXBsb2Fkc1wvMjAyNFwvMDJcL2RyYS1tb250c2VycmF0LWJvYWRhLXByZXNpZGVudGEtY29uZ3Jlc28tYXNlYmlyLTIwMjUtZ2FsMS5qcGciLCJzbGlkZXNob3ciOiJiYjYzMTMyIn0%3D\" href='https:\/\/www.dexeuscampus.com\/wp-content\/uploads\/2024\/02\/dra-montserrat-boada-presidenta-congreso-asebir-2025-gal1.jpg'><img fetchpriority=\"high\" width=\"768\" height=\"576\" src=\"https:\/\/www.dexeuscampus.com\/wp-content\/uploads\/2024\/02\/dra-montserrat-boada-presidenta-congreso-asebir-2025-gal1-768x576.jpg\" class=\"attachment-medium_large size-medium_large\" alt=\"Presentaci\u00f3 dels membres de la candidatura ASEBIR-BCN2025 en el congr\u00e9s de ASEBIR-Palma 2023 per part de la Dra. Montse Boada.\" aria-describedby=\"gallery-1-29074\" decoding=\"async\" srcset=\"https:\/\/www.dexeuscampus.com\/wp-content\/uploads\/2024\/02\/dra-montserrat-boada-presidenta-congreso-asebir-2025-gal1-768x576.jpg 768w, https:\/\/www.dexeuscampus.com\/wp-content\/uploads\/2024\/02\/dra-montserrat-boada-presidenta-congreso-asebir-2025-gal1-300x225.jpg 300w, https:\/\/www.dexeuscampus.com\/wp-content\/uploads\/2024\/02\/dra-montserrat-boada-presidenta-congreso-asebir-2025-gal1-600x450.jpg 600w, https:\/\/www.dexeuscampus.com\/wp-content\/uploads\/2024\/02\/dra-montserrat-boada-presidenta-congreso-asebir-2025-gal1.jpg 1024w\" sizes=\"(max-width: 768px) 100vw, 768px\" \/><\/a>\n\t\t\t<\/div>\n\t\t\t\t<figcaption class='wp-caption-text gallery-caption' id='gallery-1-29074'>\n\t\t\t\tPresentaci\u00f3n de los miembros de la candidatura ASEBIR-BCN2025 en el congreso de ASEBIR-Palma 2023 por parte de la Dra. Montse Boada.\n\t\t\t\t<\/figcaption><\/figure><figure class='gallery-item'>\n\t\t\t<div class='gallery-icon landscape'>\n\t\t\t\t<a data-elementor-open-lightbox=\"yes\" data-elementor-lightbox-slideshow=\"bb63132\" data-elementor-lightbox-title=\"La Dra. Montse Boada rebent el testimoni per celebrar el pr\u00f2xim congr\u00e9s de ASEBIR a Barcelona.\" data-e-action-hash=\"#elementor-action%3Aaction%3Dlightbox%26settings%3DeyJpZCI6MjkwNzcsInVybCI6Imh0dHBzOlwvXC93d3cuZGV4ZXVzY2FtcHVzLmNvbVwvd3AtY29udGVudFwvdXBsb2Fkc1wvMjAyNFwvMDJcL2RyYS1tb250c2VycmF0LWJvYWRhLXByZXNpZGVudGEtY29uZ3Jlc28tYXNlYmlyLTIwMjUtZ2FsMi5qcGciLCJzbGlkZXNob3ciOiJiYjYzMTMyIn0%3D\" href='https:\/\/www.dexeuscampus.com\/wp-content\/uploads\/2024\/02\/dra-montserrat-boada-presidenta-congreso-asebir-2025-gal2.jpg'><img width=\"768\" height=\"576\" src=\"https:\/\/www.dexeuscampus.com\/wp-content\/uploads\/2024\/02\/dra-montserrat-boada-presidenta-congreso-asebir-2025-gal2-768x576.jpg\" class=\"attachment-medium_large size-medium_large\" alt=\"La Dra. Montse Boada rebent el testimoni per celebrar el pr\u00f2xim congr\u00e9s de ASEBIR a Barcelona.\" aria-describedby=\"gallery-1-29077\" decoding=\"async\" srcset=\"https:\/\/www.dexeuscampus.com\/wp-content\/uploads\/2024\/02\/dra-montserrat-boada-presidenta-congreso-asebir-2025-gal2-768x576.jpg 768w, https:\/\/www.dexeuscampus.com\/wp-content\/uploads\/2024\/02\/dra-montserrat-boada-presidenta-congreso-asebir-2025-gal2-300x225.jpg 300w, https:\/\/www.dexeuscampus.com\/wp-content\/uploads\/2024\/02\/dra-montserrat-boada-presidenta-congreso-asebir-2025-gal2-600x450.jpg 600w, https:\/\/www.dexeuscampus.com\/wp-content\/uploads\/2024\/02\/dra-montserrat-boada-presidenta-congreso-asebir-2025-gal2.jpg 1024w\" sizes=\"(max-width: 768px) 100vw, 768px\" \/><\/a>\n\t\t\t<\/div>\n\t\t\t\t<figcaption class='wp-caption-text gallery-caption' id='gallery-1-29077'>\n\t\t\t\tLa Dra. Montse Boada recibiendo el testigo para celebrar el pr\u00f3ximo congreso de ASEBIR en Barcelona.\n\t\t\t\t<\/figcaption><\/figure>\n\t\t<\/div>\n\t\t<\/div>\n\t\t\t\t\t\t<\/div>\n\t\t\t\t<\/div>\n\t\t\t\t\t<\/div>\n\t\t<\/div>\n\t\t\t\t\t<\/div>\n\t\t<\/section>\n\t\t\t\t<\/div>\n\t\t","protected":false},"excerpt":{"rendered":"<p>En el XII Congr\u00e9s de ASEBIR celebrat a Palma el mes de novembre passat, es va proclamar la candidatura de BARCELONA, liderada per la Dra. Montserrat Boada de Dexeus Dona, com a seu per al pr\u00f2xim Congr\u00e9s d\u2019ASEBIR, societat cient\u00edfica que agrupa la majoria&#8230;<\/p>\n","protected":false},"author":3,"featured_media":29070,"comment_status":"closed","ping_status":"closed","sticky":false,"template":"","format":"standard","meta":{"footnotes":""},"categories":[206],"tags":[398,397],"class_list":["post-29105","post","type-post","status-publish","format-standard","has-post-thumbnail","hentry","category-reproduccio-assistida","tag-com-a-seu-per-al-proxim-congres-dasebir","tag-liderada-per-la-dra-montserrat-boada-de-dexeus-dona"],"yoast_head":"<!-- This site is optimized with the Yoast SEO plugin v27.5 - https:\/\/yoast.com\/product\/yoast-seo-wordpress\/ -->\n<title>La Dra. Montserrat Boada ser\u00e0 la Presidenta del pr\u00f2xim Congr\u00e9s d\u2019ASEBIR, que se celebrar\u00e0 a Barcelona en el 2025 - Dexeus Campus<\/title>\n<meta name=\"description\" content=\"En el XII Congr\u00e9s de ASEBIR celebrat a Palma el mes de novembre passat, es va proclamar la candidatura de BARCELONA, liderada per la Dra. Montserrat Boada de Dexeus Dona, com a seu per al pr\u00f2xim Congr\u00e9s d\u2019ASEBIR, societat cient\u00edfica que agrupa la majoria...\" \/>\n<meta name=\"robots\" content=\"index, follow, max-snippet:-1, max-image-preview:large, max-video-preview:-1\" \/>\n<link rel=\"canonical\" href=\"https:\/\/www.dexeuscampus.com\/ca\/blog\/reproduccio-assistida\/dra-montserrat-boada-presidenta-congres-asebir-2025\/\" \/>\n<meta property=\"og:locale\" content=\"ca_ES\" \/>\n<meta property=\"og:type\" content=\"article\" \/>\n<meta property=\"og:title\" content=\"La Dra. Montserrat Boada ser\u00e0 la Presidenta del pr\u00f2xim Congr\u00e9s d\u2019ASEBIR, que se celebrar\u00e0 a Barcelona en el 2025 - Dexeus Campus\" \/>\n<meta property=\"og:description\" content=\"En el XII Congr\u00e9s de ASEBIR celebrat a Palma el mes de novembre passat, es va proclamar la candidatura de BARCELONA, liderada per la Dra. Montserrat Boada de Dexeus Dona, com a seu per al pr\u00f2xim Congr\u00e9s d\u2019ASEBIR, societat cient\u00edfica que agrupa la majoria...\" \/>\n<meta property=\"og:url\" content=\"https:\/\/www.dexeuscampus.com\/ca\/blog\/reproduccio-assistida\/dra-montserrat-boada-presidenta-congres-asebir-2025\/\" \/>\n<meta property=\"og:site_name\" content=\"Dexeus Campus\" \/>\n<meta property=\"article:publisher\" content=\"https:\/\/www.facebook.com\/CampusDexeus\" \/>\n<meta property=\"article:published_time\" content=\"2024-02-21T10:42:28+00:00\" \/>\n<meta property=\"article:modified_time\" content=\"2024-03-07T11:05:34+00:00\" \/>\n<meta property=\"og:image\" content=\"https:\/\/www.dexeuscampus.com\/wp-content\/uploads\/2024\/02\/dra-montserrat-boada-presidenta-congreso-asebir-2025.jpg\" \/>\n\t<meta property=\"og:image:width\" content=\"1263\" \/>\n\t<meta property=\"og:image:height\" content=\"676\" \/>\n\t<meta property=\"og:image:type\" content=\"image\/jpeg\" \/>\n<meta name=\"author\" content=\"Daniel G\u00e1miz Rivas\" \/>\n<meta name=\"twitter:card\" content=\"summary_large_image\" \/>\n<meta name=\"twitter:creator\" content=\"@DexeusCampus\" \/>\n<meta name=\"twitter:site\" content=\"@DexeusCampus\" \/>\n<meta name=\"twitter:label1\" content=\"Escrit per\" \/>\n\t<meta name=\"twitter:data1\" content=\"Daniel G\u00e1miz Rivas\" \/>\n\t<meta name=\"twitter:label2\" content=\"Temps estimat de lectura\" \/>\n\t<meta name=\"twitter:data2\" content=\"2 minuts\" \/>\n<script type=\"application\/ld+json\" class=\"yoast-schema-graph\">{\"@context\":\"https:\\\/\\\/schema.org\",\"@graph\":[{\"@type\":\"Article\",\"@id\":\"https:\\\/\\\/www.dexeuscampus.com\\\/ca\\\/blog\\\/reproduccio-assistida\\\/dra-montserrat-boada-presidenta-congres-asebir-2025\\\/#article\",\"isPartOf\":{\"@id\":\"https:\\\/\\\/www.dexeuscampus.com\\\/ca\\\/blog\\\/reproduccio-assistida\\\/dra-montserrat-boada-presidenta-congres-asebir-2025\\\/\"},\"author\":{\"name\":\"Daniel G\u00e1miz Rivas\",\"@id\":\"https:\\\/\\\/www.dexeuscampus.com\\\/ca\\\/#\\\/schema\\\/person\\\/48ba4a583d4098b26216190def081203\"},\"headline\":\"La Dra. Montserrat Boada ser\u00e0 la Presidenta del pr\u00f2xim Congr\u00e9s d\u2019ASEBIR, que se celebrar\u00e0 a Barcelona en el 2025\",\"datePublished\":\"2024-02-21T10:42:28+00:00\",\"dateModified\":\"2024-03-07T11:05:34+00:00\",\"mainEntityOfPage\":{\"@id\":\"https:\\\/\\\/www.dexeuscampus.com\\\/ca\\\/blog\\\/reproduccio-assistida\\\/dra-montserrat-boada-presidenta-congres-asebir-2025\\\/\"},\"wordCount\":221,\"publisher\":{\"@id\":\"https:\\\/\\\/www.dexeuscampus.com\\\/ca\\\/#organization\"},\"image\":{\"@id\":\"https:\\\/\\\/www.dexeuscampus.com\\\/ca\\\/blog\\\/reproduccio-assistida\\\/dra-montserrat-boada-presidenta-congres-asebir-2025\\\/#primaryimage\"},\"thumbnailUrl\":\"https:\\\/\\\/www.dexeuscampus.com\\\/wp-content\\\/uploads\\\/2024\\\/02\\\/dra-montserrat-boada-presidenta-congreso-asebir-2025.jpg\",\"keywords\":[\"com a seu per al pr\u00f2xim Congr\u00e9s d\u2019ASEBIR\",\"liderada per la Dra. Montserrat Boada de Dexeus Dona\"],\"articleSection\":[\"Reproducci\u00f3 assistida\"],\"inLanguage\":\"ca\"},{\"@type\":\"WebPage\",\"@id\":\"https:\\\/\\\/www.dexeuscampus.com\\\/ca\\\/blog\\\/reproduccio-assistida\\\/dra-montserrat-boada-presidenta-congres-asebir-2025\\\/\",\"url\":\"https:\\\/\\\/www.dexeuscampus.com\\\/ca\\\/blog\\\/reproduccio-assistida\\\/dra-montserrat-boada-presidenta-congres-asebir-2025\\\/\",\"name\":\"La Dra. Montserrat Boada ser\u00e0 la Presidenta del pr\u00f2xim Congr\u00e9s d\u2019ASEBIR, que se celebrar\u00e0 a Barcelona en el 2025 - Dexeus Campus\",\"isPartOf\":{\"@id\":\"https:\\\/\\\/www.dexeuscampus.com\\\/ca\\\/#website\"},\"primaryImageOfPage\":{\"@id\":\"https:\\\/\\\/www.dexeuscampus.com\\\/ca\\\/blog\\\/reproduccio-assistida\\\/dra-montserrat-boada-presidenta-congres-asebir-2025\\\/#primaryimage\"},\"image\":{\"@id\":\"https:\\\/\\\/www.dexeuscampus.com\\\/ca\\\/blog\\\/reproduccio-assistida\\\/dra-montserrat-boada-presidenta-congres-asebir-2025\\\/#primaryimage\"},\"thumbnailUrl\":\"https:\\\/\\\/www.dexeuscampus.com\\\/wp-content\\\/uploads\\\/2024\\\/02\\\/dra-montserrat-boada-presidenta-congreso-asebir-2025.jpg\",\"datePublished\":\"2024-02-21T10:42:28+00:00\",\"dateModified\":\"2024-03-07T11:05:34+00:00\",\"description\":\"En el XII Congr\u00e9s de ASEBIR celebrat a Palma el mes de novembre passat, es va proclamar la candidatura de BARCELONA, liderada per la Dra. Montserrat Boada de Dexeus Dona, com a seu per al pr\u00f2xim Congr\u00e9s d\u2019ASEBIR, societat cient\u00edfica que agrupa la majoria...\",\"breadcrumb\":{\"@id\":\"https:\\\/\\\/www.dexeuscampus.com\\\/ca\\\/blog\\\/reproduccio-assistida\\\/dra-montserrat-boada-presidenta-congres-asebir-2025\\\/#breadcrumb\"},\"inLanguage\":\"ca\",\"potentialAction\":[{\"@type\":\"ReadAction\",\"target\":[\"https:\\\/\\\/www.dexeuscampus.com\\\/ca\\\/blog\\\/reproduccio-assistida\\\/dra-montserrat-boada-presidenta-congres-asebir-2025\\\/\"]}]},{\"@type\":\"ImageObject\",\"inLanguage\":\"ca\",\"@id\":\"https:\\\/\\\/www.dexeuscampus.com\\\/ca\\\/blog\\\/reproduccio-assistida\\\/dra-montserrat-boada-presidenta-congres-asebir-2025\\\/#primaryimage\",\"url\":\"https:\\\/\\\/www.dexeuscampus.com\\\/wp-content\\\/uploads\\\/2024\\\/02\\\/dra-montserrat-boada-presidenta-congreso-asebir-2025.jpg\",\"contentUrl\":\"https:\\\/\\\/www.dexeuscampus.com\\\/wp-content\\\/uploads\\\/2024\\\/02\\\/dra-montserrat-boada-presidenta-congreso-asebir-2025.jpg\",\"width\":1263,\"height\":676,\"caption\":\"La Dra. Montserrat Boada ser\u00e0 la Presidenta del pr\u00f2xim Congr\u00e9s d\u2019ASEBIR, que se celebrar\u00e0 a Barcelona en el 2025\"},{\"@type\":\"BreadcrumbList\",\"@id\":\"https:\\\/\\\/www.dexeuscampus.com\\\/ca\\\/blog\\\/reproduccio-assistida\\\/dra-montserrat-boada-presidenta-congres-asebir-2025\\\/#breadcrumb\",\"itemListElement\":[{\"@type\":\"ListItem\",\"position\":1,\"name\":\"Portada\",\"item\":\"https:\\\/\\\/www.dexeuscampus.com\\\/ca\\\/inici\\\/\"},{\"@type\":\"ListItem\",\"position\":2,\"name\":\"La Dra. Montserrat Boada ser\u00e0 la Presidenta del pr\u00f2xim Congr\u00e9s d\u2019ASEBIR, que se celebrar\u00e0 a Barcelona en el 2025\"}]},{\"@type\":\"WebSite\",\"@id\":\"https:\\\/\\\/www.dexeuscampus.com\\\/ca\\\/#website\",\"url\":\"https:\\\/\\\/www.dexeuscampus.com\\\/ca\\\/\",\"name\":\"Dexeus Campus\",\"description\":\"Plataforma online dirigida a los profesionales especializados en obstetricia, ginecolog\u00eda y reproducci\u00f3n\",\"publisher\":{\"@id\":\"https:\\\/\\\/www.dexeuscampus.com\\\/ca\\\/#organization\"},\"potentialAction\":[{\"@type\":\"SearchAction\",\"target\":{\"@type\":\"EntryPoint\",\"urlTemplate\":\"https:\\\/\\\/www.dexeuscampus.com\\\/ca\\\/?s={search_term_string}\"},\"query-input\":{\"@type\":\"PropertyValueSpecification\",\"valueRequired\":true,\"valueName\":\"search_term_string\"}}],\"inLanguage\":\"ca\"},{\"@type\":\"Organization\",\"@id\":\"https:\\\/\\\/www.dexeuscampus.com\\\/ca\\\/#organization\",\"name\":\"DEXEUS CAMPUS. FUNDACI\u00d3 DEXEUS DONA\",\"url\":\"https:\\\/\\\/www.dexeuscampus.com\\\/ca\\\/\",\"logo\":{\"@type\":\"ImageObject\",\"inLanguage\":\"ca\",\"@id\":\"https:\\\/\\\/www.dexeuscampus.com\\\/ca\\\/#\\\/schema\\\/logo\\\/image\\\/\",\"url\":\"https:\\\/\\\/www.dexeuscampus.com\\\/wp-content\\\/uploads\\\/2021\\\/03\\\/Logo-Campus-Dexeus.png\",\"contentUrl\":\"https:\\\/\\\/www.dexeuscampus.com\\\/wp-content\\\/uploads\\\/2021\\\/03\\\/Logo-Campus-Dexeus.png\",\"width\":2068,\"height\":1773,\"caption\":\"DEXEUS CAMPUS. FUNDACI\u00d3 DEXEUS DONA\"},\"image\":{\"@id\":\"https:\\\/\\\/www.dexeuscampus.com\\\/ca\\\/#\\\/schema\\\/logo\\\/image\\\/\"},\"sameAs\":[\"https:\\\/\\\/www.facebook.com\\\/CampusDexeus\",\"https:\\\/\\\/x.com\\\/DexeusCampus\",\"https:\\\/\\\/www.youtube.com\\\/user\\\/DexeusCampus\",\"https:\\\/\\\/vimeo.com\\\/dexeuscampus\",\"https:\\\/\\\/www.linkedin.com\\\/company\\\/dexeusmujer\"]},{\"@type\":\"Person\",\"@id\":\"https:\\\/\\\/www.dexeuscampus.com\\\/ca\\\/#\\\/schema\\\/person\\\/48ba4a583d4098b26216190def081203\",\"name\":\"Daniel G\u00e1miz Rivas\",\"image\":{\"@type\":\"ImageObject\",\"inLanguage\":\"ca\",\"@id\":\"https:\\\/\\\/secure.gravatar.com\\\/avatar\\\/ac09a2b52d2985df5c98037a598fc78645cf024b1bd4638efd8ed48aad3f18c6?s=96&d=mm&r=g\",\"url\":\"https:\\\/\\\/secure.gravatar.com\\\/avatar\\\/ac09a2b52d2985df5c98037a598fc78645cf024b1bd4638efd8ed48aad3f18c6?s=96&d=mm&r=g\",\"contentUrl\":\"https:\\\/\\\/secure.gravatar.com\\\/avatar\\\/ac09a2b52d2985df5c98037a598fc78645cf024b1bd4638efd8ed48aad3f18c6?s=96&d=mm&r=g\",\"caption\":\"Daniel G\u00e1miz Rivas\"}}]}<\/script>\n<!-- \/ Yoast SEO plugin. -->","yoast_head_json":{"title":"La Dra. Montserrat Boada ser\u00e0 la Presidenta del pr\u00f2xim Congr\u00e9s d\u2019ASEBIR, que se celebrar\u00e0 a Barcelona en el 2025 - Dexeus Campus","description":"En el XII Congr\u00e9s de ASEBIR celebrat a Palma el mes de novembre passat, es va proclamar la candidatura de BARCELONA, liderada per la Dra. Montserrat Boada de Dexeus Dona, com a seu per al pr\u00f2xim Congr\u00e9s d\u2019ASEBIR, societat cient\u00edfica que agrupa la majoria...","robots":{"index":"index","follow":"follow","max-snippet":"max-snippet:-1","max-image-preview":"max-image-preview:large","max-video-preview":"max-video-preview:-1"},"canonical":"https:\/\/www.dexeuscampus.com\/ca\/blog\/reproduccio-assistida\/dra-montserrat-boada-presidenta-congres-asebir-2025\/","og_locale":"ca_ES","og_type":"article","og_title":"La Dra. Montserrat Boada ser\u00e0 la Presidenta del pr\u00f2xim Congr\u00e9s d\u2019ASEBIR, que se celebrar\u00e0 a Barcelona en el 2025 - Dexeus Campus","og_description":"En el XII Congr\u00e9s de ASEBIR celebrat a Palma el mes de novembre passat, es va proclamar la candidatura de BARCELONA, liderada per la Dra. Montserrat Boada de Dexeus Dona, com a seu per al pr\u00f2xim Congr\u00e9s d\u2019ASEBIR, societat cient\u00edfica que agrupa la majoria...","og_url":"https:\/\/www.dexeuscampus.com\/ca\/blog\/reproduccio-assistida\/dra-montserrat-boada-presidenta-congres-asebir-2025\/","og_site_name":"Dexeus Campus","article_publisher":"https:\/\/www.facebook.com\/CampusDexeus","article_published_time":"2024-02-21T10:42:28+00:00","article_modified_time":"2024-03-07T11:05:34+00:00","og_image":[{"width":1263,"height":676,"url":"https:\/\/www.dexeuscampus.com\/wp-content\/uploads\/2024\/02\/dra-montserrat-boada-presidenta-congreso-asebir-2025.jpg","type":"image\/jpeg"}],"author":"Daniel G\u00e1miz Rivas","twitter_card":"summary_large_image","twitter_creator":"@DexeusCampus","twitter_site":"@DexeusCampus","twitter_misc":{"Escrit per":"Daniel G\u00e1miz Rivas","Temps estimat de lectura":"2 minuts"},"schema":{"@context":"https:\/\/schema.org","@graph":[{"@type":"Article","@id":"https:\/\/www.dexeuscampus.com\/ca\/blog\/reproduccio-assistida\/dra-montserrat-boada-presidenta-congres-asebir-2025\/#article","isPartOf":{"@id":"https:\/\/www.dexeuscampus.com\/ca\/blog\/reproduccio-assistida\/dra-montserrat-boada-presidenta-congres-asebir-2025\/"},"author":{"name":"Daniel G\u00e1miz Rivas","@id":"https:\/\/www.dexeuscampus.com\/ca\/#\/schema\/person\/48ba4a583d4098b26216190def081203"},"headline":"La Dra. Montserrat Boada ser\u00e0 la Presidenta del pr\u00f2xim Congr\u00e9s d\u2019ASEBIR, que se celebrar\u00e0 a Barcelona en el 2025","datePublished":"2024-02-21T10:42:28+00:00","dateModified":"2024-03-07T11:05:34+00:00","mainEntityOfPage":{"@id":"https:\/\/www.dexeuscampus.com\/ca\/blog\/reproduccio-assistida\/dra-montserrat-boada-presidenta-congres-asebir-2025\/"},"wordCount":221,"publisher":{"@id":"https:\/\/www.dexeuscampus.com\/ca\/#organization"},"image":{"@id":"https:\/\/www.dexeuscampus.com\/ca\/blog\/reproduccio-assistida\/dra-montserrat-boada-presidenta-congres-asebir-2025\/#primaryimage"},"thumbnailUrl":"https:\/\/www.dexeuscampus.com\/wp-content\/uploads\/2024\/02\/dra-montserrat-boada-presidenta-congreso-asebir-2025.jpg","keywords":["com a seu per al pr\u00f2xim Congr\u00e9s d\u2019ASEBIR","liderada per la Dra. Montserrat Boada de Dexeus Dona"],"articleSection":["Reproducci\u00f3 assistida"],"inLanguage":"ca"},{"@type":"WebPage","@id":"https:\/\/www.dexeuscampus.com\/ca\/blog\/reproduccio-assistida\/dra-montserrat-boada-presidenta-congres-asebir-2025\/","url":"https:\/\/www.dexeuscampus.com\/ca\/blog\/reproduccio-assistida\/dra-montserrat-boada-presidenta-congres-asebir-2025\/","name":"La Dra. Montserrat Boada ser\u00e0 la Presidenta del pr\u00f2xim Congr\u00e9s d\u2019ASEBIR, que se celebrar\u00e0 a Barcelona en el 2025 - Dexeus Campus","isPartOf":{"@id":"https:\/\/www.dexeuscampus.com\/ca\/#website"},"primaryImageOfPage":{"@id":"https:\/\/www.dexeuscampus.com\/ca\/blog\/reproduccio-assistida\/dra-montserrat-boada-presidenta-congres-asebir-2025\/#primaryimage"},"image":{"@id":"https:\/\/www.dexeuscampus.com\/ca\/blog\/reproduccio-assistida\/dra-montserrat-boada-presidenta-congres-asebir-2025\/#primaryimage"},"thumbnailUrl":"https:\/\/www.dexeuscampus.com\/wp-content\/uploads\/2024\/02\/dra-montserrat-boada-presidenta-congreso-asebir-2025.jpg","datePublished":"2024-02-21T10:42:28+00:00","dateModified":"2024-03-07T11:05:34+00:00","description":"En el XII Congr\u00e9s de ASEBIR celebrat a Palma el mes de novembre passat, es va proclamar la candidatura de BARCELONA, liderada per la Dra. Montserrat Boada de Dexeus Dona, com a seu per al pr\u00f2xim Congr\u00e9s d\u2019ASEBIR, societat cient\u00edfica que agrupa la majoria...","breadcrumb":{"@id":"https:\/\/www.dexeuscampus.com\/ca\/blog\/reproduccio-assistida\/dra-montserrat-boada-presidenta-congres-asebir-2025\/#breadcrumb"},"inLanguage":"ca","potentialAction":[{"@type":"ReadAction","target":["https:\/\/www.dexeuscampus.com\/ca\/blog\/reproduccio-assistida\/dra-montserrat-boada-presidenta-congres-asebir-2025\/"]}]},{"@type":"ImageObject","inLanguage":"ca","@id":"https:\/\/www.dexeuscampus.com\/ca\/blog\/reproduccio-assistida\/dra-montserrat-boada-presidenta-congres-asebir-2025\/#primaryimage","url":"https:\/\/www.dexeuscampus.com\/wp-content\/uploads\/2024\/02\/dra-montserrat-boada-presidenta-congreso-asebir-2025.jpg","contentUrl":"https:\/\/www.dexeuscampus.com\/wp-content\/uploads\/2024\/02\/dra-montserrat-boada-presidenta-congreso-asebir-2025.jpg","width":1263,"height":676,"caption":"La Dra. Montserrat Boada ser\u00e0 la Presidenta del pr\u00f2xim Congr\u00e9s d\u2019ASEBIR, que se celebrar\u00e0 a Barcelona en el 2025"},{"@type":"BreadcrumbList","@id":"https:\/\/www.dexeuscampus.com\/ca\/blog\/reproduccio-assistida\/dra-montserrat-boada-presidenta-congres-asebir-2025\/#breadcrumb","itemListElement":[{"@type":"ListItem","position":1,"name":"Portada","item":"https:\/\/www.dexeuscampus.com\/ca\/inici\/"},{"@type":"ListItem","position":2,"name":"La Dra. Montserrat Boada ser\u00e0 la Presidenta del pr\u00f2xim Congr\u00e9s d\u2019ASEBIR, que se celebrar\u00e0 a Barcelona en el 2025"}]},{"@type":"WebSite","@id":"https:\/\/www.dexeuscampus.com\/ca\/#website","url":"https:\/\/www.dexeuscampus.com\/ca\/","name":"Dexeus Campus","description":"Plataforma online dirigida a los profesionales especializados en obstetricia, ginecolog\u00eda y reproducci\u00f3n","publisher":{"@id":"https:\/\/www.dexeuscampus.com\/ca\/#organization"},"potentialAction":[{"@type":"SearchAction","target":{"@type":"EntryPoint","urlTemplate":"https:\/\/www.dexeuscampus.com\/ca\/?s={search_term_string}"},"query-input":{"@type":"PropertyValueSpecification","valueRequired":true,"valueName":"search_term_string"}}],"inLanguage":"ca"},{"@type":"Organization","@id":"https:\/\/www.dexeuscampus.com\/ca\/#organization","name":"DEXEUS CAMPUS. FUNDACI\u00d3 DEXEUS DONA","url":"https:\/\/www.dexeuscampus.com\/ca\/","logo":{"@type":"ImageObject","inLanguage":"ca","@id":"https:\/\/www.dexeuscampus.com\/ca\/#\/schema\/logo\/image\/","url":"https:\/\/www.dexeuscampus.com\/wp-content\/uploads\/2021\/03\/Logo-Campus-Dexeus.png","contentUrl":"https:\/\/www.dexeuscampus.com\/wp-content\/uploads\/2021\/03\/Logo-Campus-Dexeus.png","width":2068,"height":1773,"caption":"DEXEUS CAMPUS. FUNDACI\u00d3 DEXEUS DONA"},"image":{"@id":"https:\/\/www.dexeuscampus.com\/ca\/#\/schema\/logo\/image\/"},"sameAs":["https:\/\/www.facebook.com\/CampusDexeus","https:\/\/x.com\/DexeusCampus","https:\/\/www.youtube.com\/user\/DexeusCampus","https:\/\/vimeo.com\/dexeuscampus","https:\/\/www.linkedin.com\/company\/dexeusmujer"]},{"@type":"Person","@id":"https:\/\/www.dexeuscampus.com\/ca\/#\/schema\/person\/48ba4a583d4098b26216190def081203","name":"Daniel G\u00e1miz Rivas","image":{"@type":"ImageObject","inLanguage":"ca","@id":"https:\/\/secure.gravatar.com\/avatar\/ac09a2b52d2985df5c98037a598fc78645cf024b1bd4638efd8ed48aad3f18c6?s=96&d=mm&r=g","url":"https:\/\/secure.gravatar.com\/avatar\/ac09a2b52d2985df5c98037a598fc78645cf024b1bd4638efd8ed48aad3f18c6?s=96&d=mm&r=g","contentUrl":"https:\/\/secure.gravatar.com\/avatar\/ac09a2b52d2985df5c98037a598fc78645cf024b1bd4638efd8ed48aad3f18c6?s=96&d=mm&r=g","caption":"Daniel G\u00e1miz Rivas"}}]}},"_links":{"self":[{"href":"https:\/\/www.dexeuscampus.com\/ca\/wp-json\/wp\/v2\/posts\/29105","targetHints":{"allow":["GET"]}}],"collection":[{"href":"https:\/\/www.dexeuscampus.com\/ca\/wp-json\/wp\/v2\/posts"}],"about":[{"href":"https:\/\/www.dexeuscampus.com\/ca\/wp-json\/wp\/v2\/types\/post"}],"author":[{"embeddable":true,"href":"https:\/\/www.dexeuscampus.com\/ca\/wp-json\/wp\/v2\/users\/3"}],"replies":[{"embeddable":true,"href":"https:\/\/www.dexeuscampus.com\/ca\/wp-json\/wp\/v2\/comments?post=29105"}],"version-history":[{"count":0,"href":"https:\/\/www.dexeuscampus.com\/ca\/wp-json\/wp\/v2\/posts\/29105\/revisions"}],"wp:featuredmedia":[{"embeddable":true,"href":"https:\/\/www.dexeuscampus.com\/ca\/wp-json\/wp\/v2\/media\/29070"}],"wp:attachment":[{"href":"https:\/\/www.dexeuscampus.com\/ca\/wp-json\/wp\/v2\/media?parent=29105"}],"wp:term":[{"taxonomy":"category","embeddable":true,"href":"https:\/\/www.dexeuscampus.com\/ca\/wp-json\/wp\/v2\/categories?post=29105"},{"taxonomy":"post_tag","embeddable":true,"href":"https:\/\/www.dexeuscampus.com\/ca\/wp-json\/wp\/v2\/tags?post=29105"}],"curies":[{"name":"wp","href":"https:\/\/api.w.org\/{rel}","templated":true}]}}