{"id":29699,"date":"2024-03-08T18:16:33","date_gmt":"2024-03-08T17:16:33","guid":{"rendered":"https:\/\/www.dexeuscampus.com\/blog\/sense-categoria\/la-societat-espanyola-de-fertilitat-presenta-un-full-de-ruta-per-posar-fre-a-lalarmant-descens-de-la-natalitat-a-espanya\/"},"modified":"2024-03-08T18:16:52","modified_gmt":"2024-03-08T17:16:52","slug":"sef-full-ruta-posar-fre-descens-natalitat","status":"publish","type":"post","link":"https:\/\/www.dexeuscampus.com\/ca\/blog\/reproduccio-assistida\/sef-full-ruta-posar-fre-descens-natalitat\/","title":{"rendered":"La Societat Espanyola de Fertilitat presenta un full de ruta per posar fre a l&#8217;alarmant descens de la natalitat a Espanya"},"content":{"rendered":"\t\t<div data-elementor-type=\"wp-post\" data-elementor-id=\"29699\" class=\"elementor elementor-29699 elementor-29614\" data-elementor-post-type=\"post\">\n\t\t\t\t\t\t<section class=\"elementor-section elementor-top-section elementor-element elementor-element-15a25b1 elementor-section-boxed elementor-section-height-default elementor-section-height-default\" data-id=\"15a25b1\" data-element_type=\"section\" data-e-type=\"section\">\n\t\t\t\t\t\t<div class=\"elementor-container elementor-column-gap-default\">\n\t\t\t\t\t<div class=\"elementor-column elementor-col-100 elementor-top-column elementor-element elementor-element-570395e\" data-id=\"570395e\" data-element_type=\"column\" data-e-type=\"column\">\n\t\t\t<div class=\"elementor-widget-wrap elementor-element-populated\">\n\t\t\t\t\t\t<div class=\"elementor-element elementor-element-c629697 elementor-widget elementor-widget-text-editor\" data-id=\"c629697\" data-element_type=\"widget\" data-e-type=\"widget\" data-widget_type=\"text-editor.default\">\n\t\t\t\t<div class=\"elementor-widget-container\">\n\t\t\t\t\t\t\t\t\t<p>La Societat Espanyola de Fertilitat (SEF) ha presentat davant el Senat un document consensuat amb altres set associacions m\u00e8diques i agents representatius de l&#8217;\u00e0mbit de la fertilitat i la salut reproductiva. El seu objectiu \u00e9s obrir un debat social i promoure mesures pol\u00edtiques que contribueixin a posar fre a l&#8217;alarmant descens de la natalitat a Espanya.<\/p>\n<p>El document, denominat \u201cConsenso sobre Natalidad y Salud Reproductiva en Espa\u00f1a\u201d, analitza els factors que han condu\u00eft a la conjuntura actual i tra\u00e7a un full de ruta per tractar de revertir aquesta tend\u00e8ncia. Tamb\u00e9 defineix quins s\u00f3n els reptes que cal afrontar a nivell social i ofereix un conjunt de recomanacions dirigides tant a la poblaci\u00f3 com als responsables de prendre les decisions pol\u00edtiques.<\/p>\n<p>Entre els professionals que han assistit a la presentaci\u00f3 d&#8217;aquest full de ruta s&#8217;inclouen experts en reproducci\u00f3 assistida del nostre centre, com la Dra. Elisabet Clua, bi\u00f2loga responsable del Programa de Donaci\u00f3 d&#8217;Ov\u00f2cits i embrions de Dexeus Dona, que ha acudit en qualitat de secret\u00e0ria del Grup d&#8217;Inter\u00e8s de Donaci\u00f3 de g\u00e0metes i embrions de la Societat Espanyola de Fertilitat.<\/p>\n<p>A m\u00e9s de la SEF, que ha impulsat la iniciativa i ha actuat com a coordinadora, les societats que han participat en l&#8217;elaboraci\u00f3 del document s\u00f3n: la Sociedad Espa\u00f1ola de Ginecolog\u00eda y Obstetricia (SEGO), la Sociedad Espa\u00f1ola de Medicina de Familia y Comunitaria, (SemFYC), les associacions de pacients Red Nacional de Inf\u00e9rtiles (RNI) i Aspro\u00edn, i les Federacions espanyoles de Sociologia (FES), Nutrici\u00f3 (Fesnad) i Matronas (FAME).<\/p>\n\t\t\t\t\t\t\t\t<\/div>\n\t\t\t\t<\/div>\n\t\t\t\t<div class=\"elementor-element elementor-element-ce67cf1 elementor-widget elementor-widget-heading\" data-id=\"ce67cf1\" data-element_type=\"widget\" data-e-type=\"widget\" data-widget_type=\"heading.default\">\n\t\t\t\t<div class=\"elementor-widget-container\">\n\t\t\t\t\t<h4 class=\"elementor-heading-title elementor-size-default\">Un problema de salut p\u00fablica que requereix accions urgents<\/h4>\t\t\t\t<\/div>\n\t\t\t\t<\/div>\n\t\t\t\t<div class=\"elementor-element elementor-element-55ab098 elementor-widget elementor-widget-text-editor\" data-id=\"55ab098\" data-element_type=\"widget\" data-e-type=\"widget\" data-widget_type=\"text-editor.default\">\n\t\t\t\t<div class=\"elementor-widget-container\">\n\t\t\t\t\t\t\t\t\t<p>En menys de 50 anys, el nombre de fills per dona a Espanya s&#8217;ha redu\u00eft a la meitat, passant de 2,7 en 1975 a 1,1 en 2021 mentre que perqu\u00e8 es produeixi el relleu poblacional \u00e9s necessari un 2,2. Aquesta realitat ens situa en pen\u00faltim lloc a nivell europeu, nom\u00e9s per darrere de Malta. ctualment, l&#8217;edat mitjana en la qual les dones espanyoles tenen el seu primer fill a Espanya \u00e9s de 32,6 anys, i els naixements entre mares de 40 o m\u00e9s anys han augmentat un 38% en 10 anys.<\/p>\n<p>Segons els especialistes, els baixos nivells de natalitat registrats en els \u00faltims anys estan relacionats amb aspectes socioecon\u00f2mics i estructurals, com la desocupaci\u00f3 juvenil o les dificultats d&#8217;acc\u00e9s a l&#8217;habitatge, per\u00f2 tamb\u00e9 culturals, educatius i sanitaris. Aquests factors han derivat en qu\u00e8 la decisi\u00f3 de formar una fam\u00edlia s\u2019ajorni cada vegada m\u00e9s, i per tant es retardi l&#8217;edat de la maternitat, la qual cosa implica amb freq\u00fc\u00e8ncia problemes d&#8217;esterilitat i infertilitat i la necessitat de rec\u00f3rrer a t\u00e8cniques de reproducci\u00f3 assistida (TRHA).<\/p>\n<p>\u201c<em>El retard de la maternitat t\u00e9 un impacte important en la fertilitat, ja que a partir dels 35 anys la qualitat i la quantitat dels \u00f2vuls es redueix progressivament i les possibilitats de tenir fills de manera natural tamb\u00e9, un fet que moltes dones encara no saben<\/em>\u201d explica la Dra. Elisabet Clua. \u201c<em>En el nostre centre, l\u2019edat mitjana de les pacients de reproducci\u00f3 \u00e9s de 38 anys i el nombre de tractaments que requereixen una donaci\u00f3 d&#8217;\u00f2vuls suposa pr\u00e0cticament un 35% del total.<\/em>\u201d.<\/p>\n<p>Els experts tamb\u00e9 han alertat que, malgrat que els problemes d&#8217;esterilitat afecten a entre el 15 i el 20% de la poblaci\u00f3 espanyola, encara existeix molt desconeixement, estigma i falta d&#8217;atenci\u00f3 pol\u00edtica. \u201c<em>Durant molts anys s&#8217;ha educat a la poblaci\u00f3 adolescent sobre temes com a contracepci\u00f3 i transmissi\u00f3 de malalties infeccioses, per\u00f2 es requereix formar-los perqu\u00e8 coneguin m\u00e9s aspectes sobre la fertilitat<\/em>\u201d, explica la Dra. Elisabet Clua. \u201c<em>En el nostre centre oferim, si ho desitgen, la possibilitat de valorar la reserva ov\u00e0rica a totes les dones, que \u00e9s un indicador del seu potencial reproductiu i s&#8217;analitza de forma molt senzilla, i tamb\u00e9 informaci\u00f3 sobre anticoncepci\u00f3, salut sexual i assessorament pregestacional<\/em>\u201d.<\/p>\n<p>Aix\u00ed mateix, el document vol visibilitzar que es tracta d&#8217;un problema que va m\u00e9s enll\u00e0 de l&#8217;esfera privada. La poblaci\u00f3 envelleix en tota Europa i a Espanya actualment si creix \u00e9s gr\u00e0cies a la migraci\u00f3, per la qual cosa urgeix posar en marxa pol\u00edtiques familiars i mesures que contribueixin a crear un context favorable. Segons les enquestes, m\u00e9s d&#8217;una de cada dues dones en la quarantena sense fills desitjaria haver estat mare, i entre les que s\u00f3n mares un 21% afirma que no han tingut els fills que hagu\u00e9s desitjat tenir. D&#8217;altra banda, les dones que han congelat els seus \u00f2vuls s&#8217;han multiplicat gaireb\u00e9 per 30 en una d\u00e8cada a Espanya.<\/p>\n<p>A Espanya, \u00e9s possible accedir als tractaments de reproducci\u00f3 assistida a trav\u00e9s del Sistema Nacional de Salut. Per\u00f2 dels m\u00e9s de 400 centres de reproducci\u00f3 assistida que hi ha al nostre pa\u00eds, tan sols un 27% s\u00f3n p\u00fablics. La conseq\u00fc\u00e8ncia \u00e9s que es troben saturats. La llista d&#8217;espera en el Sistema Nacional de Salut (SNS) per a un tractament de fecundaci\u00f3 in vitro \u00e9s llarga (un any, de mitjana) per\u00f2 en moltes ciutats aquest temps arriba a duplicar-se. Per aix\u00f2, moltes dones que comencen el proc\u00e9s complint els requisits d&#8217;edat (que en general, consisteix a ser menor de 40 anys, per\u00f2 varia en funci\u00f3 de la Comunitat Aut\u00f2noma) veuen frustrat el seu intent.<\/p>\n<p>Davant d\u2019aquesta realitat, els experts proposen un canvi de paradigma en l&#8217;abordatge de la salut reproductiva que incideixi en la infertilitat com a un problema de salut p\u00fablica, que es materialitzi en diverses mesures i en pol\u00edtiques p\u00fabliques que es posin en marxa de manera urgent.<\/p>\n<p>Entre les recomanacions proposades, s&#8217;inclouen: campanyes informatives en salut reproductiva des d&#8217;estadis primerencs, promoure una educaci\u00f3 sexual realista i plural, introduir en el sistema de salut la consulta de fertilitat i programes de detecci\u00f3 preco\u00e7 de potencials problemes d&#8217;esterilitat, millorar l&#8217;atenci\u00f3 sanit\u00e0ria a la infertilitat, facilitar i estandarditzar els criteris d&#8217;acc\u00e9s als tractaments de reproducci\u00f3 assistida i de preservaci\u00f3 de la fertilitat en dones amb problemes per a concebre i acompanyar totes aquestes accions de pol\u00edtiques socials i econ\u00f2miques que cre\u00efn un entorn favorable a la maternitat i paternitat.<\/p>\n<p><a href=\"https:\/\/www.dexeuscampus.com\/wp-content\/uploads\/2024\/03\/consenso-sobre-natalidad-salud-reproductiva-espana.pdf\" target=\"_blank\" rel=\"noopener\">Document \u201cConsenso sobre Natalidad y Salud Reproductiva en Espa\u00f1a\u201d (PDF).<\/a><\/p>\n\t\t\t\t\t\t\t\t<\/div>\n\t\t\t\t<\/div>\n\t\t\t\t\t<\/div>\n\t\t<\/div>\n\t\t\t\t\t<\/div>\n\t\t<\/section>\n\t\t\t\t<section class=\"elementor-section elementor-top-section elementor-element elementor-element-f6496db elementor-section-boxed elementor-section-height-default elementor-section-height-default\" data-id=\"f6496db\" data-element_type=\"section\" data-e-type=\"section\">\n\t\t\t\t\t\t<div class=\"elementor-container elementor-column-gap-default\">\n\t\t\t\t\t<div class=\"elementor-column elementor-col-100 elementor-top-column elementor-element elementor-element-834cce2\" data-id=\"834cce2\" data-element_type=\"column\" data-e-type=\"column\">\n\t\t\t<div class=\"elementor-widget-wrap elementor-element-populated\">\n\t\t\t\t\t\t<div class=\"elementor-element elementor-element-7be05c9 elementor-widget elementor-widget-image-gallery\" data-id=\"7be05c9\" data-element_type=\"widget\" data-e-type=\"widget\" data-widget_type=\"image-gallery.default\">\n\t\t\t\t<div class=\"elementor-widget-container\">\n\t\t\t\t\t\t\t<div class=\"elementor-image-gallery\">\n\t\t\t<div id='gallery-1' class='gallery galleryid-29699 gallery-columns-3 gallery-size-medium'><figure class='gallery-item'>\n\t\t\t<div class='gallery-icon portrait'>\n\t\t\t\t<a data-elementor-open-lightbox=\"yes\" data-elementor-lightbox-slideshow=\"7be05c9\" data-elementor-lightbox-title=\"Dra. Elisabet Clua, secret\u00e0ria del Grup d&#039;Inter\u00e8s de Donaci\u00f3 de g\u00e0metes i embrions de la Societat Espanyola de Fertilitat.\" data-e-action-hash=\"#elementor-action%3Aaction%3Dlightbox%26settings%3DeyJpZCI6Mjk2MDYsInVybCI6Imh0dHBzOlwvXC93d3cuZGV4ZXVzY2FtcHVzLmNvbVwvd3AtY29udGVudFwvdXBsb2Fkc1wvMjAyNFwvMDNcL3NlZi1ob2phLXJ1dGEtYXRhamFyLWRlc2NlbnNvLW5hdGFsaWRhZC1nYWwxLmpwZyIsInNsaWRlc2hvdyI6IjdiZTA1YzkifQ%3D%3D\" href='https:\/\/www.dexeuscampus.com\/wp-content\/uploads\/2024\/03\/sef-hoja-ruta-atajar-descenso-natalidad-gal1.jpg'><img fetchpriority=\"high\" width=\"248\" height=\"300\" src=\"https:\/\/www.dexeuscampus.com\/wp-content\/uploads\/2024\/03\/sef-hoja-ruta-atajar-descenso-natalidad-gal1-248x300.jpg\" class=\"attachment-medium size-medium\" alt=\"La Sociedad Espa\u00f1ola de Fertilidad presenta una hoja de ruta para atajar el alarmante descenso de la natalidad en Espa\u00f1a\" decoding=\"async\" srcset=\"https:\/\/www.dexeuscampus.com\/wp-content\/uploads\/2024\/03\/sef-hoja-ruta-atajar-descenso-natalidad-gal1-248x300.jpg 248w, https:\/\/www.dexeuscampus.com\/wp-content\/uploads\/2024\/03\/sef-hoja-ruta-atajar-descenso-natalidad-gal1-768x931.jpg 768w, https:\/\/www.dexeuscampus.com\/wp-content\/uploads\/2024\/03\/sef-hoja-ruta-atajar-descenso-natalidad-gal1-600x727.jpg 600w, https:\/\/www.dexeuscampus.com\/wp-content\/uploads\/2024\/03\/sef-hoja-ruta-atajar-descenso-natalidad-gal1.jpg 845w\" sizes=\"(max-width: 248px) 100vw, 248px\" \/><\/a>\n\t\t\t<\/div><\/figure><figure class='gallery-item'>\n\t\t\t<div class='gallery-icon landscape'>\n\t\t\t\t<a data-elementor-open-lightbox=\"yes\" data-elementor-lightbox-slideshow=\"7be05c9\" data-elementor-lightbox-title=\"Presentaci\u00f3 del Document &quot;Consenso sobre Natalidad y Salud Reproductiva en Espa\u00f1a&quot;.\" data-e-action-hash=\"#elementor-action%3Aaction%3Dlightbox%26settings%3DeyJpZCI6Mjk2MTIsInVybCI6Imh0dHBzOlwvXC93d3cuZGV4ZXVzY2FtcHVzLmNvbVwvd3AtY29udGVudFwvdXBsb2Fkc1wvMjAyNFwvMDNcL3NlZi1ob2phLXJ1dGEtYXRhamFyLWRlc2NlbnNvLW5hdGFsaWRhZC1nYWwzLmpwZyIsInNsaWRlc2hvdyI6IjdiZTA1YzkifQ%3D%3D\" href='https:\/\/www.dexeuscampus.com\/wp-content\/uploads\/2024\/03\/sef-hoja-ruta-atajar-descenso-natalidad-gal3.jpg'><img width=\"300\" height=\"225\" src=\"https:\/\/www.dexeuscampus.com\/wp-content\/uploads\/2024\/03\/sef-hoja-ruta-atajar-descenso-natalidad-gal3-300x225.jpg\" class=\"attachment-medium size-medium\" alt=\"La Sociedad Espa\u00f1ola de Fertilidad presenta una hoja de ruta para atajar el alarmante descenso de la natalidad en Espa\u00f1a\" decoding=\"async\" srcset=\"https:\/\/www.dexeuscampus.com\/wp-content\/uploads\/2024\/03\/sef-hoja-ruta-atajar-descenso-natalidad-gal3-300x225.jpg 300w, https:\/\/www.dexeuscampus.com\/wp-content\/uploads\/2024\/03\/sef-hoja-ruta-atajar-descenso-natalidad-gal3-768x576.jpg 768w, https:\/\/www.dexeuscampus.com\/wp-content\/uploads\/2024\/03\/sef-hoja-ruta-atajar-descenso-natalidad-gal3-600x450.jpg 600w, https:\/\/www.dexeuscampus.com\/wp-content\/uploads\/2024\/03\/sef-hoja-ruta-atajar-descenso-natalidad-gal3.jpg 1024w\" sizes=\"(max-width: 300px) 100vw, 300px\" \/><\/a>\n\t\t\t<\/div><\/figure><figure class='gallery-item'>\n\t\t\t<div class='gallery-icon portrait'>\n\t\t\t\t<a data-elementor-open-lightbox=\"yes\" data-elementor-lightbox-slideshow=\"7be05c9\" data-elementor-lightbox-title=\"Dra. Elisabet Clua en l&#039;acte de presentaci\u00f3.\" data-e-action-hash=\"#elementor-action%3Aaction%3Dlightbox%26settings%3DeyJpZCI6Mjk2MDksInVybCI6Imh0dHBzOlwvXC93d3cuZGV4ZXVzY2FtcHVzLmNvbVwvd3AtY29udGVudFwvdXBsb2Fkc1wvMjAyNFwvMDNcL3NlZi1ob2phLXJ1dGEtYXRhamFyLWRlc2NlbnNvLW5hdGFsaWRhZC1nYWwyLmpwZyIsInNsaWRlc2hvdyI6IjdiZTA1YzkifQ%3D%3D\" href='https:\/\/www.dexeuscampus.com\/wp-content\/uploads\/2024\/03\/sef-hoja-ruta-atajar-descenso-natalidad-gal2.jpg'><img width=\"169\" height=\"300\" src=\"https:\/\/www.dexeuscampus.com\/wp-content\/uploads\/2024\/03\/sef-hoja-ruta-atajar-descenso-natalidad-gal2-169x300.jpg\" class=\"attachment-medium size-medium\" alt=\"La Sociedad Espa\u00f1ola de Fertilidad presenta una hoja de ruta para atajar el alarmante descenso de la natalidad en Espa\u00f1a\" decoding=\"async\" srcset=\"https:\/\/www.dexeuscampus.com\/wp-content\/uploads\/2024\/03\/sef-hoja-ruta-atajar-descenso-natalidad-gal2-169x300.jpg 169w, https:\/\/www.dexeuscampus.com\/wp-content\/uploads\/2024\/03\/sef-hoja-ruta-atajar-descenso-natalidad-gal2.jpg 370w\" sizes=\"(max-width: 169px) 100vw, 169px\" \/><\/a>\n\t\t\t<\/div><\/figure>\n\t\t<\/div>\n\t\t<\/div>\n\t\t\t\t\t\t<\/div>\n\t\t\t\t<\/div>\n\t\t\t\t\t<\/div>\n\t\t<\/div>\n\t\t\t\t\t<\/div>\n\t\t<\/section>\n\t\t\t\t<\/div>\n\t\t","protected":false},"excerpt":{"rendered":"<p>La Societat Espanyola de Fertilitat (SEF) ha presentat davant el Senat un document consensuat amb altres set associacions m\u00e8diques i agents representatius de l&#8217;\u00e0mbit de la fertilitat i la salut reproductiva. El seu objectiu \u00e9s obrir un debat social i promoure mesures pol\u00edtiques que contribueixin a posar fre a l&#8217;alarmant descens de la natalitat a Espanya.<\/p>\n","protected":false},"author":3,"featured_media":29603,"comment_status":"closed","ping_status":"closed","sticky":false,"template":"","format":"standard","meta":{"footnotes":""},"categories":[206],"tags":[],"class_list":["post-29699","post","type-post","status-publish","format-standard","has-post-thumbnail","hentry","category-reproduccio-assistida"],"yoast_head":"<!-- This site is optimized with the Yoast SEO plugin v27.5 - https:\/\/yoast.com\/product\/yoast-seo-wordpress\/ -->\n<title>La Societat Espanyola de Fertilitat presenta un full de ruta per posar fre a l&#039;alarmant descens de la natalitat a Espanya - Dexeus Campus<\/title>\n<meta name=\"description\" content=\"La Societat Espanyola de Fertilitat (SEF) ha presentat davant el Senat un document consensuat amb altres set associacions m\u00e8diques i agents representatius de l&#039;\u00e0mbit de la fertilitat i la salut reproductiva. El seu objectiu \u00e9s obrir un debat social i promoure mesures pol\u00edtiques que contribueixin a posar fre a l&#039;alarmant descens de la natalitat a Espanya.\" \/>\n<meta name=\"robots\" content=\"index, follow, max-snippet:-1, max-image-preview:large, max-video-preview:-1\" \/>\n<link rel=\"canonical\" href=\"https:\/\/www.dexeuscampus.com\/ca\/blog\/reproduccio-assistida\/sef-full-ruta-posar-fre-descens-natalitat\/\" \/>\n<meta property=\"og:locale\" content=\"ca_ES\" \/>\n<meta property=\"og:type\" content=\"article\" \/>\n<meta property=\"og:title\" content=\"La Societat Espanyola de Fertilitat presenta un full de ruta per posar fre a l&#039;alarmant descens de la natalitat a Espanya - Dexeus Campus\" \/>\n<meta property=\"og:description\" content=\"La Societat Espanyola de Fertilitat (SEF) ha presentat davant el Senat un document consensuat amb altres set associacions m\u00e8diques i agents representatius de l&#039;\u00e0mbit de la fertilitat i la salut reproductiva. El seu objectiu \u00e9s obrir un debat social i promoure mesures pol\u00edtiques que contribueixin a posar fre a l&#039;alarmant descens de la natalitat a Espanya.\" \/>\n<meta property=\"og:url\" content=\"https:\/\/www.dexeuscampus.com\/ca\/blog\/reproduccio-assistida\/sef-full-ruta-posar-fre-descens-natalitat\/\" \/>\n<meta property=\"og:site_name\" content=\"Dexeus Campus\" \/>\n<meta property=\"article:publisher\" content=\"https:\/\/www.facebook.com\/CampusDexeus\" \/>\n<meta property=\"article:published_time\" content=\"2024-03-08T17:16:33+00:00\" \/>\n<meta property=\"article:modified_time\" content=\"2024-03-08T17:16:52+00:00\" \/>\n<meta property=\"og:image\" content=\"https:\/\/www.dexeuscampus.com\/wp-content\/uploads\/2024\/03\/sef-hoja-ruta-atajar-descenso-natalidad.jpg\" \/>\n\t<meta property=\"og:image:width\" content=\"1263\" \/>\n\t<meta property=\"og:image:height\" content=\"676\" \/>\n\t<meta property=\"og:image:type\" content=\"image\/jpeg\" \/>\n<meta name=\"author\" content=\"Daniel G\u00e1miz Rivas\" \/>\n<meta name=\"twitter:card\" content=\"summary_large_image\" \/>\n<meta name=\"twitter:creator\" content=\"@DexeusCampus\" \/>\n<meta name=\"twitter:site\" content=\"@DexeusCampus\" \/>\n<meta name=\"twitter:label1\" content=\"Escrit per\" \/>\n\t<meta name=\"twitter:data1\" content=\"Daniel G\u00e1miz Rivas\" \/>\n\t<meta name=\"twitter:label2\" content=\"Temps estimat de lectura\" \/>\n\t<meta name=\"twitter:data2\" content=\"5 minuts\" \/>\n<script type=\"application\/ld+json\" class=\"yoast-schema-graph\">{\"@context\":\"https:\\\/\\\/schema.org\",\"@graph\":[{\"@type\":\"Article\",\"@id\":\"https:\\\/\\\/www.dexeuscampus.com\\\/ca\\\/blog\\\/reproduccio-assistida\\\/sef-full-ruta-posar-fre-descens-natalitat\\\/#article\",\"isPartOf\":{\"@id\":\"https:\\\/\\\/www.dexeuscampus.com\\\/ca\\\/blog\\\/reproduccio-assistida\\\/sef-full-ruta-posar-fre-descens-natalitat\\\/\"},\"author\":{\"name\":\"Daniel G\u00e1miz Rivas\",\"@id\":\"https:\\\/\\\/www.dexeuscampus.com\\\/ca\\\/#\\\/schema\\\/person\\\/48ba4a583d4098b26216190def081203\"},\"headline\":\"La Societat Espanyola de Fertilitat presenta un full de ruta per posar fre a l&#8217;alarmant descens de la natalitat a Espanya\",\"datePublished\":\"2024-03-08T17:16:33+00:00\",\"dateModified\":\"2024-03-08T17:16:52+00:00\",\"mainEntityOfPage\":{\"@id\":\"https:\\\/\\\/www.dexeuscampus.com\\\/ca\\\/blog\\\/reproduccio-assistida\\\/sef-full-ruta-posar-fre-descens-natalitat\\\/\"},\"wordCount\":1057,\"publisher\":{\"@id\":\"https:\\\/\\\/www.dexeuscampus.com\\\/ca\\\/#organization\"},\"image\":{\"@id\":\"https:\\\/\\\/www.dexeuscampus.com\\\/ca\\\/blog\\\/reproduccio-assistida\\\/sef-full-ruta-posar-fre-descens-natalitat\\\/#primaryimage\"},\"thumbnailUrl\":\"https:\\\/\\\/www.dexeuscampus.com\\\/wp-content\\\/uploads\\\/2024\\\/03\\\/sef-hoja-ruta-atajar-descenso-natalidad.jpg\",\"articleSection\":[\"Reproducci\u00f3 assistida\"],\"inLanguage\":\"ca\"},{\"@type\":\"WebPage\",\"@id\":\"https:\\\/\\\/www.dexeuscampus.com\\\/ca\\\/blog\\\/reproduccio-assistida\\\/sef-full-ruta-posar-fre-descens-natalitat\\\/\",\"url\":\"https:\\\/\\\/www.dexeuscampus.com\\\/ca\\\/blog\\\/reproduccio-assistida\\\/sef-full-ruta-posar-fre-descens-natalitat\\\/\",\"name\":\"La Societat Espanyola de Fertilitat presenta un full de ruta per posar fre a l'alarmant descens de la natalitat a Espanya - Dexeus Campus\",\"isPartOf\":{\"@id\":\"https:\\\/\\\/www.dexeuscampus.com\\\/ca\\\/#website\"},\"primaryImageOfPage\":{\"@id\":\"https:\\\/\\\/www.dexeuscampus.com\\\/ca\\\/blog\\\/reproduccio-assistida\\\/sef-full-ruta-posar-fre-descens-natalitat\\\/#primaryimage\"},\"image\":{\"@id\":\"https:\\\/\\\/www.dexeuscampus.com\\\/ca\\\/blog\\\/reproduccio-assistida\\\/sef-full-ruta-posar-fre-descens-natalitat\\\/#primaryimage\"},\"thumbnailUrl\":\"https:\\\/\\\/www.dexeuscampus.com\\\/wp-content\\\/uploads\\\/2024\\\/03\\\/sef-hoja-ruta-atajar-descenso-natalidad.jpg\",\"datePublished\":\"2024-03-08T17:16:33+00:00\",\"dateModified\":\"2024-03-08T17:16:52+00:00\",\"description\":\"La Societat Espanyola de Fertilitat (SEF) ha presentat davant el Senat un document consensuat amb altres set associacions m\u00e8diques i agents representatius de l'\u00e0mbit de la fertilitat i la salut reproductiva. El seu objectiu \u00e9s obrir un debat social i promoure mesures pol\u00edtiques que contribueixin a posar fre a l'alarmant descens de la natalitat a Espanya.\",\"breadcrumb\":{\"@id\":\"https:\\\/\\\/www.dexeuscampus.com\\\/ca\\\/blog\\\/reproduccio-assistida\\\/sef-full-ruta-posar-fre-descens-natalitat\\\/#breadcrumb\"},\"inLanguage\":\"ca\",\"potentialAction\":[{\"@type\":\"ReadAction\",\"target\":[\"https:\\\/\\\/www.dexeuscampus.com\\\/ca\\\/blog\\\/reproduccio-assistida\\\/sef-full-ruta-posar-fre-descens-natalitat\\\/\"]}]},{\"@type\":\"ImageObject\",\"inLanguage\":\"ca\",\"@id\":\"https:\\\/\\\/www.dexeuscampus.com\\\/ca\\\/blog\\\/reproduccio-assistida\\\/sef-full-ruta-posar-fre-descens-natalitat\\\/#primaryimage\",\"url\":\"https:\\\/\\\/www.dexeuscampus.com\\\/wp-content\\\/uploads\\\/2024\\\/03\\\/sef-hoja-ruta-atajar-descenso-natalidad.jpg\",\"contentUrl\":\"https:\\\/\\\/www.dexeuscampus.com\\\/wp-content\\\/uploads\\\/2024\\\/03\\\/sef-hoja-ruta-atajar-descenso-natalidad.jpg\",\"width\":1263,\"height\":676,\"caption\":\"La Sociedad Espa\u00f1ola de Fertilidad presenta una hoja de ruta para atajar el alarmante descenso de la natalidad en Espa\u00f1a\"},{\"@type\":\"BreadcrumbList\",\"@id\":\"https:\\\/\\\/www.dexeuscampus.com\\\/ca\\\/blog\\\/reproduccio-assistida\\\/sef-full-ruta-posar-fre-descens-natalitat\\\/#breadcrumb\",\"itemListElement\":[{\"@type\":\"ListItem\",\"position\":1,\"name\":\"Portada\",\"item\":\"https:\\\/\\\/www.dexeuscampus.com\\\/ca\\\/inici\\\/\"},{\"@type\":\"ListItem\",\"position\":2,\"name\":\"La Societat Espanyola de Fertilitat presenta un full de ruta per posar fre a l&#8217;alarmant descens de la natalitat a Espanya\"}]},{\"@type\":\"WebSite\",\"@id\":\"https:\\\/\\\/www.dexeuscampus.com\\\/ca\\\/#website\",\"url\":\"https:\\\/\\\/www.dexeuscampus.com\\\/ca\\\/\",\"name\":\"Dexeus Campus\",\"description\":\"Plataforma online dirigida a los profesionales especializados en obstetricia, ginecolog\u00eda y reproducci\u00f3n\",\"publisher\":{\"@id\":\"https:\\\/\\\/www.dexeuscampus.com\\\/ca\\\/#organization\"},\"potentialAction\":[{\"@type\":\"SearchAction\",\"target\":{\"@type\":\"EntryPoint\",\"urlTemplate\":\"https:\\\/\\\/www.dexeuscampus.com\\\/ca\\\/?s={search_term_string}\"},\"query-input\":{\"@type\":\"PropertyValueSpecification\",\"valueRequired\":true,\"valueName\":\"search_term_string\"}}],\"inLanguage\":\"ca\"},{\"@type\":\"Organization\",\"@id\":\"https:\\\/\\\/www.dexeuscampus.com\\\/ca\\\/#organization\",\"name\":\"DEXEUS CAMPUS. FUNDACI\u00d3 DEXEUS DONA\",\"url\":\"https:\\\/\\\/www.dexeuscampus.com\\\/ca\\\/\",\"logo\":{\"@type\":\"ImageObject\",\"inLanguage\":\"ca\",\"@id\":\"https:\\\/\\\/www.dexeuscampus.com\\\/ca\\\/#\\\/schema\\\/logo\\\/image\\\/\",\"url\":\"https:\\\/\\\/www.dexeuscampus.com\\\/wp-content\\\/uploads\\\/2021\\\/03\\\/Logo-Campus-Dexeus.png\",\"contentUrl\":\"https:\\\/\\\/www.dexeuscampus.com\\\/wp-content\\\/uploads\\\/2021\\\/03\\\/Logo-Campus-Dexeus.png\",\"width\":2068,\"height\":1773,\"caption\":\"DEXEUS CAMPUS. FUNDACI\u00d3 DEXEUS DONA\"},\"image\":{\"@id\":\"https:\\\/\\\/www.dexeuscampus.com\\\/ca\\\/#\\\/schema\\\/logo\\\/image\\\/\"},\"sameAs\":[\"https:\\\/\\\/www.facebook.com\\\/CampusDexeus\",\"https:\\\/\\\/x.com\\\/DexeusCampus\",\"https:\\\/\\\/www.youtube.com\\\/user\\\/DexeusCampus\",\"https:\\\/\\\/vimeo.com\\\/dexeuscampus\",\"https:\\\/\\\/www.linkedin.com\\\/company\\\/dexeusmujer\"]},{\"@type\":\"Person\",\"@id\":\"https:\\\/\\\/www.dexeuscampus.com\\\/ca\\\/#\\\/schema\\\/person\\\/48ba4a583d4098b26216190def081203\",\"name\":\"Daniel G\u00e1miz Rivas\",\"image\":{\"@type\":\"ImageObject\",\"inLanguage\":\"ca\",\"@id\":\"https:\\\/\\\/secure.gravatar.com\\\/avatar\\\/ac09a2b52d2985df5c98037a598fc78645cf024b1bd4638efd8ed48aad3f18c6?s=96&d=mm&r=g\",\"url\":\"https:\\\/\\\/secure.gravatar.com\\\/avatar\\\/ac09a2b52d2985df5c98037a598fc78645cf024b1bd4638efd8ed48aad3f18c6?s=96&d=mm&r=g\",\"contentUrl\":\"https:\\\/\\\/secure.gravatar.com\\\/avatar\\\/ac09a2b52d2985df5c98037a598fc78645cf024b1bd4638efd8ed48aad3f18c6?s=96&d=mm&r=g\",\"caption\":\"Daniel G\u00e1miz Rivas\"}}]}<\/script>\n<!-- \/ Yoast SEO plugin. -->","yoast_head_json":{"title":"La Societat Espanyola de Fertilitat presenta un full de ruta per posar fre a l'alarmant descens de la natalitat a Espanya - Dexeus Campus","description":"La Societat Espanyola de Fertilitat (SEF) ha presentat davant el Senat un document consensuat amb altres set associacions m\u00e8diques i agents representatius de l'\u00e0mbit de la fertilitat i la salut reproductiva. El seu objectiu \u00e9s obrir un debat social i promoure mesures pol\u00edtiques que contribueixin a posar fre a l'alarmant descens de la natalitat a Espanya.","robots":{"index":"index","follow":"follow","max-snippet":"max-snippet:-1","max-image-preview":"max-image-preview:large","max-video-preview":"max-video-preview:-1"},"canonical":"https:\/\/www.dexeuscampus.com\/ca\/blog\/reproduccio-assistida\/sef-full-ruta-posar-fre-descens-natalitat\/","og_locale":"ca_ES","og_type":"article","og_title":"La Societat Espanyola de Fertilitat presenta un full de ruta per posar fre a l'alarmant descens de la natalitat a Espanya - Dexeus Campus","og_description":"La Societat Espanyola de Fertilitat (SEF) ha presentat davant el Senat un document consensuat amb altres set associacions m\u00e8diques i agents representatius de l'\u00e0mbit de la fertilitat i la salut reproductiva. El seu objectiu \u00e9s obrir un debat social i promoure mesures pol\u00edtiques que contribueixin a posar fre a l'alarmant descens de la natalitat a Espanya.","og_url":"https:\/\/www.dexeuscampus.com\/ca\/blog\/reproduccio-assistida\/sef-full-ruta-posar-fre-descens-natalitat\/","og_site_name":"Dexeus Campus","article_publisher":"https:\/\/www.facebook.com\/CampusDexeus","article_published_time":"2024-03-08T17:16:33+00:00","article_modified_time":"2024-03-08T17:16:52+00:00","og_image":[{"width":1263,"height":676,"url":"https:\/\/www.dexeuscampus.com\/wp-content\/uploads\/2024\/03\/sef-hoja-ruta-atajar-descenso-natalidad.jpg","type":"image\/jpeg"}],"author":"Daniel G\u00e1miz Rivas","twitter_card":"summary_large_image","twitter_creator":"@DexeusCampus","twitter_site":"@DexeusCampus","twitter_misc":{"Escrit per":"Daniel G\u00e1miz Rivas","Temps estimat de lectura":"5 minuts"},"schema":{"@context":"https:\/\/schema.org","@graph":[{"@type":"Article","@id":"https:\/\/www.dexeuscampus.com\/ca\/blog\/reproduccio-assistida\/sef-full-ruta-posar-fre-descens-natalitat\/#article","isPartOf":{"@id":"https:\/\/www.dexeuscampus.com\/ca\/blog\/reproduccio-assistida\/sef-full-ruta-posar-fre-descens-natalitat\/"},"author":{"name":"Daniel G\u00e1miz Rivas","@id":"https:\/\/www.dexeuscampus.com\/ca\/#\/schema\/person\/48ba4a583d4098b26216190def081203"},"headline":"La Societat Espanyola de Fertilitat presenta un full de ruta per posar fre a l&#8217;alarmant descens de la natalitat a Espanya","datePublished":"2024-03-08T17:16:33+00:00","dateModified":"2024-03-08T17:16:52+00:00","mainEntityOfPage":{"@id":"https:\/\/www.dexeuscampus.com\/ca\/blog\/reproduccio-assistida\/sef-full-ruta-posar-fre-descens-natalitat\/"},"wordCount":1057,"publisher":{"@id":"https:\/\/www.dexeuscampus.com\/ca\/#organization"},"image":{"@id":"https:\/\/www.dexeuscampus.com\/ca\/blog\/reproduccio-assistida\/sef-full-ruta-posar-fre-descens-natalitat\/#primaryimage"},"thumbnailUrl":"https:\/\/www.dexeuscampus.com\/wp-content\/uploads\/2024\/03\/sef-hoja-ruta-atajar-descenso-natalidad.jpg","articleSection":["Reproducci\u00f3 assistida"],"inLanguage":"ca"},{"@type":"WebPage","@id":"https:\/\/www.dexeuscampus.com\/ca\/blog\/reproduccio-assistida\/sef-full-ruta-posar-fre-descens-natalitat\/","url":"https:\/\/www.dexeuscampus.com\/ca\/blog\/reproduccio-assistida\/sef-full-ruta-posar-fre-descens-natalitat\/","name":"La Societat Espanyola de Fertilitat presenta un full de ruta per posar fre a l'alarmant descens de la natalitat a Espanya - Dexeus Campus","isPartOf":{"@id":"https:\/\/www.dexeuscampus.com\/ca\/#website"},"primaryImageOfPage":{"@id":"https:\/\/www.dexeuscampus.com\/ca\/blog\/reproduccio-assistida\/sef-full-ruta-posar-fre-descens-natalitat\/#primaryimage"},"image":{"@id":"https:\/\/www.dexeuscampus.com\/ca\/blog\/reproduccio-assistida\/sef-full-ruta-posar-fre-descens-natalitat\/#primaryimage"},"thumbnailUrl":"https:\/\/www.dexeuscampus.com\/wp-content\/uploads\/2024\/03\/sef-hoja-ruta-atajar-descenso-natalidad.jpg","datePublished":"2024-03-08T17:16:33+00:00","dateModified":"2024-03-08T17:16:52+00:00","description":"La Societat Espanyola de Fertilitat (SEF) ha presentat davant el Senat un document consensuat amb altres set associacions m\u00e8diques i agents representatius de l'\u00e0mbit de la fertilitat i la salut reproductiva. El seu objectiu \u00e9s obrir un debat social i promoure mesures pol\u00edtiques que contribueixin a posar fre a l'alarmant descens de la natalitat a Espanya.","breadcrumb":{"@id":"https:\/\/www.dexeuscampus.com\/ca\/blog\/reproduccio-assistida\/sef-full-ruta-posar-fre-descens-natalitat\/#breadcrumb"},"inLanguage":"ca","potentialAction":[{"@type":"ReadAction","target":["https:\/\/www.dexeuscampus.com\/ca\/blog\/reproduccio-assistida\/sef-full-ruta-posar-fre-descens-natalitat\/"]}]},{"@type":"ImageObject","inLanguage":"ca","@id":"https:\/\/www.dexeuscampus.com\/ca\/blog\/reproduccio-assistida\/sef-full-ruta-posar-fre-descens-natalitat\/#primaryimage","url":"https:\/\/www.dexeuscampus.com\/wp-content\/uploads\/2024\/03\/sef-hoja-ruta-atajar-descenso-natalidad.jpg","contentUrl":"https:\/\/www.dexeuscampus.com\/wp-content\/uploads\/2024\/03\/sef-hoja-ruta-atajar-descenso-natalidad.jpg","width":1263,"height":676,"caption":"La Sociedad Espa\u00f1ola de Fertilidad presenta una hoja de ruta para atajar el alarmante descenso de la natalidad en Espa\u00f1a"},{"@type":"BreadcrumbList","@id":"https:\/\/www.dexeuscampus.com\/ca\/blog\/reproduccio-assistida\/sef-full-ruta-posar-fre-descens-natalitat\/#breadcrumb","itemListElement":[{"@type":"ListItem","position":1,"name":"Portada","item":"https:\/\/www.dexeuscampus.com\/ca\/inici\/"},{"@type":"ListItem","position":2,"name":"La Societat Espanyola de Fertilitat presenta un full de ruta per posar fre a l&#8217;alarmant descens de la natalitat a Espanya"}]},{"@type":"WebSite","@id":"https:\/\/www.dexeuscampus.com\/ca\/#website","url":"https:\/\/www.dexeuscampus.com\/ca\/","name":"Dexeus Campus","description":"Plataforma online dirigida a los profesionales especializados en obstetricia, ginecolog\u00eda y reproducci\u00f3n","publisher":{"@id":"https:\/\/www.dexeuscampus.com\/ca\/#organization"},"potentialAction":[{"@type":"SearchAction","target":{"@type":"EntryPoint","urlTemplate":"https:\/\/www.dexeuscampus.com\/ca\/?s={search_term_string}"},"query-input":{"@type":"PropertyValueSpecification","valueRequired":true,"valueName":"search_term_string"}}],"inLanguage":"ca"},{"@type":"Organization","@id":"https:\/\/www.dexeuscampus.com\/ca\/#organization","name":"DEXEUS CAMPUS. FUNDACI\u00d3 DEXEUS DONA","url":"https:\/\/www.dexeuscampus.com\/ca\/","logo":{"@type":"ImageObject","inLanguage":"ca","@id":"https:\/\/www.dexeuscampus.com\/ca\/#\/schema\/logo\/image\/","url":"https:\/\/www.dexeuscampus.com\/wp-content\/uploads\/2021\/03\/Logo-Campus-Dexeus.png","contentUrl":"https:\/\/www.dexeuscampus.com\/wp-content\/uploads\/2021\/03\/Logo-Campus-Dexeus.png","width":2068,"height":1773,"caption":"DEXEUS CAMPUS. FUNDACI\u00d3 DEXEUS DONA"},"image":{"@id":"https:\/\/www.dexeuscampus.com\/ca\/#\/schema\/logo\/image\/"},"sameAs":["https:\/\/www.facebook.com\/CampusDexeus","https:\/\/x.com\/DexeusCampus","https:\/\/www.youtube.com\/user\/DexeusCampus","https:\/\/vimeo.com\/dexeuscampus","https:\/\/www.linkedin.com\/company\/dexeusmujer"]},{"@type":"Person","@id":"https:\/\/www.dexeuscampus.com\/ca\/#\/schema\/person\/48ba4a583d4098b26216190def081203","name":"Daniel G\u00e1miz Rivas","image":{"@type":"ImageObject","inLanguage":"ca","@id":"https:\/\/secure.gravatar.com\/avatar\/ac09a2b52d2985df5c98037a598fc78645cf024b1bd4638efd8ed48aad3f18c6?s=96&d=mm&r=g","url":"https:\/\/secure.gravatar.com\/avatar\/ac09a2b52d2985df5c98037a598fc78645cf024b1bd4638efd8ed48aad3f18c6?s=96&d=mm&r=g","contentUrl":"https:\/\/secure.gravatar.com\/avatar\/ac09a2b52d2985df5c98037a598fc78645cf024b1bd4638efd8ed48aad3f18c6?s=96&d=mm&r=g","caption":"Daniel G\u00e1miz Rivas"}}]}},"_links":{"self":[{"href":"https:\/\/www.dexeuscampus.com\/ca\/wp-json\/wp\/v2\/posts\/29699","targetHints":{"allow":["GET"]}}],"collection":[{"href":"https:\/\/www.dexeuscampus.com\/ca\/wp-json\/wp\/v2\/posts"}],"about":[{"href":"https:\/\/www.dexeuscampus.com\/ca\/wp-json\/wp\/v2\/types\/post"}],"author":[{"embeddable":true,"href":"https:\/\/www.dexeuscampus.com\/ca\/wp-json\/wp\/v2\/users\/3"}],"replies":[{"embeddable":true,"href":"https:\/\/www.dexeuscampus.com\/ca\/wp-json\/wp\/v2\/comments?post=29699"}],"version-history":[{"count":0,"href":"https:\/\/www.dexeuscampus.com\/ca\/wp-json\/wp\/v2\/posts\/29699\/revisions"}],"wp:featuredmedia":[{"embeddable":true,"href":"https:\/\/www.dexeuscampus.com\/ca\/wp-json\/wp\/v2\/media\/29603"}],"wp:attachment":[{"href":"https:\/\/www.dexeuscampus.com\/ca\/wp-json\/wp\/v2\/media?parent=29699"}],"wp:term":[{"taxonomy":"category","embeddable":true,"href":"https:\/\/www.dexeuscampus.com\/ca\/wp-json\/wp\/v2\/categories?post=29699"},{"taxonomy":"post_tag","embeddable":true,"href":"https:\/\/www.dexeuscampus.com\/ca\/wp-json\/wp\/v2\/tags?post=29699"}],"curies":[{"name":"wp","href":"https:\/\/api.w.org\/{rel}","templated":true}]}}