{"id":33410,"date":"2024-11-14T12:00:51","date_gmt":"2024-11-14T11:00:51","guid":{"rendered":"https:\/\/www.dexeuscampus.com\/blog\/sense-categoria\/la-fundacio-dexeus-dona-inicia-el-curs-academic-2024-2025-amb-una-solida-oferta-de-formacio-especialitzada\/"},"modified":"2024-11-14T14:14:04","modified_gmt":"2024-11-14T13:14:04","slug":"fundacio-dexeus-dona-inicia-curs-academic","status":"publish","type":"post","link":"https:\/\/www.dexeuscampus.com\/ca\/blog\/noticies\/fundacio-dexeus-dona-inicia-curs-academic\/","title":{"rendered":"La Fundaci\u00f3 Dexeus Dona inicia el curs acad\u00e8mic 2024-2025 amb una s\u00f2lida oferta de formaci\u00f3 especialitzada"},"content":{"rendered":"\t\t<div data-elementor-type=\"wp-post\" data-elementor-id=\"33410\" class=\"elementor elementor-33410 elementor-33344\" data-elementor-post-type=\"post\">\n\t\t\t\t\t\t<section class=\"elementor-section elementor-top-section elementor-element elementor-element-bddc96c elementor-section-boxed elementor-section-height-default elementor-section-height-default\" data-id=\"bddc96c\" data-element_type=\"section\" data-e-type=\"section\">\n\t\t\t\t\t\t<div class=\"elementor-container elementor-column-gap-default\">\n\t\t\t\t\t<div class=\"elementor-column elementor-col-100 elementor-top-column elementor-element elementor-element-f3cd032\" data-id=\"f3cd032\" data-element_type=\"column\" data-e-type=\"column\">\n\t\t\t<div class=\"elementor-widget-wrap elementor-element-populated\">\n\t\t\t\t\t\t<div class=\"elementor-element elementor-element-34e9e90 elementor-widget elementor-widget-text-editor\" data-id=\"34e9e90\" data-element_type=\"widget\" data-e-type=\"widget\" data-widget_type=\"text-editor.default\">\n\t\t\t\t<div class=\"elementor-widget-container\">\n\t\t\t\t\t\t\t\t\t<p>Des del 1976 el Departament d&#8217;Obstetr\u00edcia, Ginecologia i Reproducci\u00f3 -Dexeus Dona de l&#8217;Hospital Universitari Dexeus est\u00e0 reconegut com una Unitat Docent dins del <a href=\"https:\/\/www.dexeuscampus.com\/ca\/mir\/\">Programa Nacional de Metge Intern Resident (MIR)<\/a>. Aquesta unitat, pionera en el seu \u00e0mbit, ha format a m\u00e9s de 200 especialistes en Obstetr\u00edcia i Ginecologia, consolidant a Dexeus Dona com una instituci\u00f3 de refer\u00e8ncia en formaci\u00f3 m\u00e8dica especialitzada. <\/p>\n<p>Entre els seus programes destacats, s\u2019inclou el <a href=\"https:\/\/www.dexeuscampus.com\/ca\/master-postgrau-biologia-reproduccio\/master\/\">M\u00e0ster en Biologia de la Reproducci\u00f3 i T\u00e8cniques de Reproducci\u00f3 Humana Assistida<\/a>, que ja va per la seva 27a edici\u00f3 i va ser el primer m\u00e0ster universitari en aquest \u00e0mbit a Espanya, aix\u00ed com un <a href=\"https:\/\/www.dexeuscampus.com\/ca\/master-postgrau-biologia-reproduccio\/postgrau\/\">Diploma d&#8217;Expert en T\u00e8cniques de Reproducci\u00f3<\/a>, consolidat al llarg de 14 anys, que respon a la necessitat d&#8217;especialitzaci\u00f3 en aquest camp de creixent demanda.<\/p>\n<p>En l&#8217;\u00e0rea de diagn\u00f2stic, el Servei de Diagn\u00f2stic Ginecol\u00f2gic per la Imatge ha llan\u00e7at, fa dos anys, un <a href=\"https:\/\/www.dexeuscampus.com\/ca\/master-ecografia\/\">M\u00e0ster en Ecografia Ginecol\u00f2gica, Obst\u00e8trica i Mam\u00e0ria<\/a>. Aquest programa s\u2019adre\u00e7a a professionals en Infermeria, T\u00e8cnics en Radiodiagn\u00f2stic (TER) i T\u00e8cnics Superiors en Imatge per al Diagn\u00f2stic (TSID) i combina una formaci\u00f3 te\u00f2rica amb una s\u00f2lida pr\u00e0ctica cl\u00ednica, supervisada per experts en l&#8217;\u00e0rea. Aquest servei, que realitza m\u00e9s de 50.000 proves ginecol\u00f2giques a l&#8217;any, \u00e9s un entorn ideal per al desenvolupament d&#8217;habilitats t\u00e8cniques avan\u00e7ades en un marc cl\u00ednic real.  <\/p>\n<p>A m\u00e9s d&#8217;aquests programes, la plataforma adre\u00e7ada a professionals Dexeus Campus incorpora cont\u00ednuament noves activitats formatives i cursos de formaci\u00f3 continuada. Aquestes activitats, que es complementen amb la possibilitat d&#8217;<a href=\"https:\/\/www.dexeuscampus.com\/ca\/estades-formatives\/\">estades formatives<\/a> en el nostre Centre, responen a les demandes actuals d&#8217;especialitzaci\u00f3 i actualitzaci\u00f3 en salut de la dona, enfortint el comprom\u00eds de la <a href=\"https:\/\/www.dexeuscampus.com\/ca\/coneix-nos\/fundacio\/\">Fundaci\u00f3 Dexeus Dona<\/a> amb l&#8217;excel\u00b7l\u00e8ncia educativa i l&#8217;avan\u00e7 en les \u00e0rees d&#8217;Obstetr\u00edcia, Ginecologia i Medicina de la Reproducci\u00f3. <\/p>\n\t\t\t\t\t\t\t\t<\/div>\n\t\t\t\t<\/div>\n\t\t\t\t\t<\/div>\n\t\t<\/div>\n\t\t\t\t\t<\/div>\n\t\t<\/section>\n\t\t\t\t<\/div>\n\t\t","protected":false},"excerpt":{"rendered":"<p>Iniciem el nou curs acad\u00e8mic amb una \u00e0mplia oferta d&#8217;activitats formatives, que inclou M\u00e0sters, Programes d&#8217;especialitzaci\u00f3 i cursos de formaci\u00f3 continuada, tots ells reconeguts per organismes oficials i impartits per un equip de professionals&#8230;<\/p>\n","protected":false},"author":3,"featured_media":1326,"comment_status":"closed","ping_status":"closed","sticky":false,"template":"","format":"standard","meta":{"footnotes":""},"categories":[202],"tags":[],"class_list":["post-33410","post","type-post","status-publish","format-standard","has-post-thumbnail","hentry","category-noticies"],"yoast_head":"<!-- This site is optimized with the Yoast SEO plugin v27.5 - https:\/\/yoast.com\/product\/yoast-seo-wordpress\/ -->\n<title>La Fundaci\u00f3 Dexeus Dona inicia el curs acad\u00e8mic 2024-2025 amb una s\u00f2lida oferta de formaci\u00f3 especialitzada - Dexeus Campus<\/title>\n<meta name=\"description\" content=\"Iniciem el nou curs acad\u00e8mic amb una \u00e0mplia oferta d&#039;activitats formatives, que inclou M\u00e0sters, Programes d&#039;especialitzaci\u00f3 i cursos de formaci\u00f3 continuada, tots ells reconeguts per organismes oficials i impartits per un equip de professionals...\" \/>\n<meta name=\"robots\" content=\"index, follow, max-snippet:-1, max-image-preview:large, max-video-preview:-1\" \/>\n<link rel=\"canonical\" href=\"https:\/\/www.dexeuscampus.com\/ca\/blog\/noticies\/fundacio-dexeus-dona-inicia-curs-academic\/\" \/>\n<meta property=\"og:locale\" content=\"ca_ES\" \/>\n<meta property=\"og:type\" content=\"article\" \/>\n<meta property=\"og:title\" content=\"La Fundaci\u00f3 Dexeus Dona inicia el curs acad\u00e8mic 2024-2025 amb una s\u00f2lida oferta de formaci\u00f3 especialitzada - Dexeus Campus\" \/>\n<meta property=\"og:description\" content=\"Iniciem el nou curs acad\u00e8mic amb una \u00e0mplia oferta d&#039;activitats formatives, que inclou M\u00e0sters, Programes d&#039;especialitzaci\u00f3 i cursos de formaci\u00f3 continuada, tots ells reconeguts per organismes oficials i impartits per un equip de professionals...\" \/>\n<meta property=\"og:url\" content=\"https:\/\/www.dexeuscampus.com\/ca\/blog\/noticies\/fundacio-dexeus-dona-inicia-curs-academic\/\" \/>\n<meta property=\"og:site_name\" content=\"Dexeus Campus\" \/>\n<meta property=\"article:publisher\" content=\"https:\/\/www.facebook.com\/CampusDexeus\" \/>\n<meta property=\"article:published_time\" content=\"2024-11-14T11:00:51+00:00\" \/>\n<meta property=\"article:modified_time\" content=\"2024-11-14T13:14:04+00:00\" \/>\n<meta property=\"og:image\" content=\"https:\/\/www.dexeuscampus.com\/wp-content\/uploads\/2021\/04\/719CBED8-3C9C-4898-BBEC-653182EE242D-scaled.jpeg\" \/>\n\t<meta property=\"og:image:width\" content=\"2560\" \/>\n\t<meta property=\"og:image:height\" content=\"1920\" \/>\n\t<meta property=\"og:image:type\" content=\"image\/jpeg\" \/>\n<meta name=\"author\" content=\"Daniel G\u00e1miz Rivas\" \/>\n<meta name=\"twitter:card\" content=\"summary_large_image\" \/>\n<meta name=\"twitter:creator\" content=\"@DexeusCampus\" \/>\n<meta name=\"twitter:site\" content=\"@DexeusCampus\" \/>\n<meta name=\"twitter:label1\" content=\"Escrit per\" \/>\n\t<meta name=\"twitter:data1\" content=\"Daniel G\u00e1miz Rivas\" \/>\n\t<meta name=\"twitter:label2\" content=\"Temps estimat de lectura\" \/>\n\t<meta name=\"twitter:data2\" content=\"2 minuts\" \/>\n<script type=\"application\/ld+json\" class=\"yoast-schema-graph\">{\"@context\":\"https:\\\/\\\/schema.org\",\"@graph\":[{\"@type\":\"Article\",\"@id\":\"https:\\\/\\\/www.dexeuscampus.com\\\/ca\\\/blog\\\/noticies\\\/fundacio-dexeus-dona-inicia-curs-academic\\\/#article\",\"isPartOf\":{\"@id\":\"https:\\\/\\\/www.dexeuscampus.com\\\/ca\\\/blog\\\/noticies\\\/fundacio-dexeus-dona-inicia-curs-academic\\\/\"},\"author\":{\"name\":\"Daniel G\u00e1miz Rivas\",\"@id\":\"https:\\\/\\\/www.dexeuscampus.com\\\/ca\\\/#\\\/schema\\\/person\\\/48ba4a583d4098b26216190def081203\"},\"headline\":\"La Fundaci\u00f3 Dexeus Dona inicia el curs acad\u00e8mic 2024-2025 amb una s\u00f2lida oferta de formaci\u00f3 especialitzada\",\"datePublished\":\"2024-11-14T11:00:51+00:00\",\"dateModified\":\"2024-11-14T13:14:04+00:00\",\"mainEntityOfPage\":{\"@id\":\"https:\\\/\\\/www.dexeuscampus.com\\\/ca\\\/blog\\\/noticies\\\/fundacio-dexeus-dona-inicia-curs-academic\\\/\"},\"wordCount\":340,\"publisher\":{\"@id\":\"https:\\\/\\\/www.dexeuscampus.com\\\/ca\\\/#organization\"},\"image\":{\"@id\":\"https:\\\/\\\/www.dexeuscampus.com\\\/ca\\\/blog\\\/noticies\\\/fundacio-dexeus-dona-inicia-curs-academic\\\/#primaryimage\"},\"thumbnailUrl\":\"https:\\\/\\\/www.dexeuscampus.com\\\/wp-content\\\/uploads\\\/2021\\\/04\\\/719CBED8-3C9C-4898-BBEC-653182EE242D-scaled.jpeg\",\"articleSection\":[\"Not\u00edcies\"],\"inLanguage\":\"ca\"},{\"@type\":\"WebPage\",\"@id\":\"https:\\\/\\\/www.dexeuscampus.com\\\/ca\\\/blog\\\/noticies\\\/fundacio-dexeus-dona-inicia-curs-academic\\\/\",\"url\":\"https:\\\/\\\/www.dexeuscampus.com\\\/ca\\\/blog\\\/noticies\\\/fundacio-dexeus-dona-inicia-curs-academic\\\/\",\"name\":\"La Fundaci\u00f3 Dexeus Dona inicia el curs acad\u00e8mic 2024-2025 amb una s\u00f2lida oferta de formaci\u00f3 especialitzada - Dexeus Campus\",\"isPartOf\":{\"@id\":\"https:\\\/\\\/www.dexeuscampus.com\\\/ca\\\/#website\"},\"primaryImageOfPage\":{\"@id\":\"https:\\\/\\\/www.dexeuscampus.com\\\/ca\\\/blog\\\/noticies\\\/fundacio-dexeus-dona-inicia-curs-academic\\\/#primaryimage\"},\"image\":{\"@id\":\"https:\\\/\\\/www.dexeuscampus.com\\\/ca\\\/blog\\\/noticies\\\/fundacio-dexeus-dona-inicia-curs-academic\\\/#primaryimage\"},\"thumbnailUrl\":\"https:\\\/\\\/www.dexeuscampus.com\\\/wp-content\\\/uploads\\\/2021\\\/04\\\/719CBED8-3C9C-4898-BBEC-653182EE242D-scaled.jpeg\",\"datePublished\":\"2024-11-14T11:00:51+00:00\",\"dateModified\":\"2024-11-14T13:14:04+00:00\",\"description\":\"Iniciem el nou curs acad\u00e8mic amb una \u00e0mplia oferta d'activitats formatives, que inclou M\u00e0sters, Programes d'especialitzaci\u00f3 i cursos de formaci\u00f3 continuada, tots ells reconeguts per organismes oficials i impartits per un equip de professionals...\",\"breadcrumb\":{\"@id\":\"https:\\\/\\\/www.dexeuscampus.com\\\/ca\\\/blog\\\/noticies\\\/fundacio-dexeus-dona-inicia-curs-academic\\\/#breadcrumb\"},\"inLanguage\":\"ca\",\"potentialAction\":[{\"@type\":\"ReadAction\",\"target\":[\"https:\\\/\\\/www.dexeuscampus.com\\\/ca\\\/blog\\\/noticies\\\/fundacio-dexeus-dona-inicia-curs-academic\\\/\"]}]},{\"@type\":\"ImageObject\",\"inLanguage\":\"ca\",\"@id\":\"https:\\\/\\\/www.dexeuscampus.com\\\/ca\\\/blog\\\/noticies\\\/fundacio-dexeus-dona-inicia-curs-academic\\\/#primaryimage\",\"url\":\"https:\\\/\\\/www.dexeuscampus.com\\\/wp-content\\\/uploads\\\/2021\\\/04\\\/719CBED8-3C9C-4898-BBEC-653182EE242D-scaled.jpeg\",\"contentUrl\":\"https:\\\/\\\/www.dexeuscampus.com\\\/wp-content\\\/uploads\\\/2021\\\/04\\\/719CBED8-3C9C-4898-BBEC-653182EE242D-scaled.jpeg\",\"width\":2560,\"height\":1920,\"caption\":\"Matr\u00edcules M\u00e0ster\"},{\"@type\":\"BreadcrumbList\",\"@id\":\"https:\\\/\\\/www.dexeuscampus.com\\\/ca\\\/blog\\\/noticies\\\/fundacio-dexeus-dona-inicia-curs-academic\\\/#breadcrumb\",\"itemListElement\":[{\"@type\":\"ListItem\",\"position\":1,\"name\":\"Portada\",\"item\":\"https:\\\/\\\/www.dexeuscampus.com\\\/ca\\\/inici\\\/\"},{\"@type\":\"ListItem\",\"position\":2,\"name\":\"La Fundaci\u00f3 Dexeus Dona inicia el curs acad\u00e8mic 2024-2025 amb una s\u00f2lida oferta de formaci\u00f3 especialitzada\"}]},{\"@type\":\"WebSite\",\"@id\":\"https:\\\/\\\/www.dexeuscampus.com\\\/ca\\\/#website\",\"url\":\"https:\\\/\\\/www.dexeuscampus.com\\\/ca\\\/\",\"name\":\"Dexeus Campus\",\"description\":\"Plataforma online dirigida a los profesionales especializados en obstetricia, ginecolog\u00eda y reproducci\u00f3n\",\"publisher\":{\"@id\":\"https:\\\/\\\/www.dexeuscampus.com\\\/ca\\\/#organization\"},\"potentialAction\":[{\"@type\":\"SearchAction\",\"target\":{\"@type\":\"EntryPoint\",\"urlTemplate\":\"https:\\\/\\\/www.dexeuscampus.com\\\/ca\\\/?s={search_term_string}\"},\"query-input\":{\"@type\":\"PropertyValueSpecification\",\"valueRequired\":true,\"valueName\":\"search_term_string\"}}],\"inLanguage\":\"ca\"},{\"@type\":\"Organization\",\"@id\":\"https:\\\/\\\/www.dexeuscampus.com\\\/ca\\\/#organization\",\"name\":\"DEXEUS CAMPUS. FUNDACI\u00d3 DEXEUS DONA\",\"url\":\"https:\\\/\\\/www.dexeuscampus.com\\\/ca\\\/\",\"logo\":{\"@type\":\"ImageObject\",\"inLanguage\":\"ca\",\"@id\":\"https:\\\/\\\/www.dexeuscampus.com\\\/ca\\\/#\\\/schema\\\/logo\\\/image\\\/\",\"url\":\"https:\\\/\\\/www.dexeuscampus.com\\\/wp-content\\\/uploads\\\/2021\\\/03\\\/Logo-Campus-Dexeus.png\",\"contentUrl\":\"https:\\\/\\\/www.dexeuscampus.com\\\/wp-content\\\/uploads\\\/2021\\\/03\\\/Logo-Campus-Dexeus.png\",\"width\":2068,\"height\":1773,\"caption\":\"DEXEUS CAMPUS. FUNDACI\u00d3 DEXEUS DONA\"},\"image\":{\"@id\":\"https:\\\/\\\/www.dexeuscampus.com\\\/ca\\\/#\\\/schema\\\/logo\\\/image\\\/\"},\"sameAs\":[\"https:\\\/\\\/www.facebook.com\\\/CampusDexeus\",\"https:\\\/\\\/x.com\\\/DexeusCampus\",\"https:\\\/\\\/www.youtube.com\\\/user\\\/DexeusCampus\",\"https:\\\/\\\/vimeo.com\\\/dexeuscampus\",\"https:\\\/\\\/www.linkedin.com\\\/company\\\/dexeusmujer\"]},{\"@type\":\"Person\",\"@id\":\"https:\\\/\\\/www.dexeuscampus.com\\\/ca\\\/#\\\/schema\\\/person\\\/48ba4a583d4098b26216190def081203\",\"name\":\"Daniel G\u00e1miz Rivas\",\"image\":{\"@type\":\"ImageObject\",\"inLanguage\":\"ca\",\"@id\":\"https:\\\/\\\/secure.gravatar.com\\\/avatar\\\/ac09a2b52d2985df5c98037a598fc78645cf024b1bd4638efd8ed48aad3f18c6?s=96&d=mm&r=g\",\"url\":\"https:\\\/\\\/secure.gravatar.com\\\/avatar\\\/ac09a2b52d2985df5c98037a598fc78645cf024b1bd4638efd8ed48aad3f18c6?s=96&d=mm&r=g\",\"contentUrl\":\"https:\\\/\\\/secure.gravatar.com\\\/avatar\\\/ac09a2b52d2985df5c98037a598fc78645cf024b1bd4638efd8ed48aad3f18c6?s=96&d=mm&r=g\",\"caption\":\"Daniel G\u00e1miz Rivas\"}}]}<\/script>\n<!-- \/ Yoast SEO plugin. -->","yoast_head_json":{"title":"La Fundaci\u00f3 Dexeus Dona inicia el curs acad\u00e8mic 2024-2025 amb una s\u00f2lida oferta de formaci\u00f3 especialitzada - Dexeus Campus","description":"Iniciem el nou curs acad\u00e8mic amb una \u00e0mplia oferta d'activitats formatives, que inclou M\u00e0sters, Programes d'especialitzaci\u00f3 i cursos de formaci\u00f3 continuada, tots ells reconeguts per organismes oficials i impartits per un equip de professionals...","robots":{"index":"index","follow":"follow","max-snippet":"max-snippet:-1","max-image-preview":"max-image-preview:large","max-video-preview":"max-video-preview:-1"},"canonical":"https:\/\/www.dexeuscampus.com\/ca\/blog\/noticies\/fundacio-dexeus-dona-inicia-curs-academic\/","og_locale":"ca_ES","og_type":"article","og_title":"La Fundaci\u00f3 Dexeus Dona inicia el curs acad\u00e8mic 2024-2025 amb una s\u00f2lida oferta de formaci\u00f3 especialitzada - Dexeus Campus","og_description":"Iniciem el nou curs acad\u00e8mic amb una \u00e0mplia oferta d'activitats formatives, que inclou M\u00e0sters, Programes d'especialitzaci\u00f3 i cursos de formaci\u00f3 continuada, tots ells reconeguts per organismes oficials i impartits per un equip de professionals...","og_url":"https:\/\/www.dexeuscampus.com\/ca\/blog\/noticies\/fundacio-dexeus-dona-inicia-curs-academic\/","og_site_name":"Dexeus Campus","article_publisher":"https:\/\/www.facebook.com\/CampusDexeus","article_published_time":"2024-11-14T11:00:51+00:00","article_modified_time":"2024-11-14T13:14:04+00:00","og_image":[{"width":2560,"height":1920,"url":"https:\/\/www.dexeuscampus.com\/wp-content\/uploads\/2021\/04\/719CBED8-3C9C-4898-BBEC-653182EE242D-scaled.jpeg","type":"image\/jpeg"}],"author":"Daniel G\u00e1miz Rivas","twitter_card":"summary_large_image","twitter_creator":"@DexeusCampus","twitter_site":"@DexeusCampus","twitter_misc":{"Escrit per":"Daniel G\u00e1miz Rivas","Temps estimat de lectura":"2 minuts"},"schema":{"@context":"https:\/\/schema.org","@graph":[{"@type":"Article","@id":"https:\/\/www.dexeuscampus.com\/ca\/blog\/noticies\/fundacio-dexeus-dona-inicia-curs-academic\/#article","isPartOf":{"@id":"https:\/\/www.dexeuscampus.com\/ca\/blog\/noticies\/fundacio-dexeus-dona-inicia-curs-academic\/"},"author":{"name":"Daniel G\u00e1miz Rivas","@id":"https:\/\/www.dexeuscampus.com\/ca\/#\/schema\/person\/48ba4a583d4098b26216190def081203"},"headline":"La Fundaci\u00f3 Dexeus Dona inicia el curs acad\u00e8mic 2024-2025 amb una s\u00f2lida oferta de formaci\u00f3 especialitzada","datePublished":"2024-11-14T11:00:51+00:00","dateModified":"2024-11-14T13:14:04+00:00","mainEntityOfPage":{"@id":"https:\/\/www.dexeuscampus.com\/ca\/blog\/noticies\/fundacio-dexeus-dona-inicia-curs-academic\/"},"wordCount":340,"publisher":{"@id":"https:\/\/www.dexeuscampus.com\/ca\/#organization"},"image":{"@id":"https:\/\/www.dexeuscampus.com\/ca\/blog\/noticies\/fundacio-dexeus-dona-inicia-curs-academic\/#primaryimage"},"thumbnailUrl":"https:\/\/www.dexeuscampus.com\/wp-content\/uploads\/2021\/04\/719CBED8-3C9C-4898-BBEC-653182EE242D-scaled.jpeg","articleSection":["Not\u00edcies"],"inLanguage":"ca"},{"@type":"WebPage","@id":"https:\/\/www.dexeuscampus.com\/ca\/blog\/noticies\/fundacio-dexeus-dona-inicia-curs-academic\/","url":"https:\/\/www.dexeuscampus.com\/ca\/blog\/noticies\/fundacio-dexeus-dona-inicia-curs-academic\/","name":"La Fundaci\u00f3 Dexeus Dona inicia el curs acad\u00e8mic 2024-2025 amb una s\u00f2lida oferta de formaci\u00f3 especialitzada - Dexeus Campus","isPartOf":{"@id":"https:\/\/www.dexeuscampus.com\/ca\/#website"},"primaryImageOfPage":{"@id":"https:\/\/www.dexeuscampus.com\/ca\/blog\/noticies\/fundacio-dexeus-dona-inicia-curs-academic\/#primaryimage"},"image":{"@id":"https:\/\/www.dexeuscampus.com\/ca\/blog\/noticies\/fundacio-dexeus-dona-inicia-curs-academic\/#primaryimage"},"thumbnailUrl":"https:\/\/www.dexeuscampus.com\/wp-content\/uploads\/2021\/04\/719CBED8-3C9C-4898-BBEC-653182EE242D-scaled.jpeg","datePublished":"2024-11-14T11:00:51+00:00","dateModified":"2024-11-14T13:14:04+00:00","description":"Iniciem el nou curs acad\u00e8mic amb una \u00e0mplia oferta d'activitats formatives, que inclou M\u00e0sters, Programes d'especialitzaci\u00f3 i cursos de formaci\u00f3 continuada, tots ells reconeguts per organismes oficials i impartits per un equip de professionals...","breadcrumb":{"@id":"https:\/\/www.dexeuscampus.com\/ca\/blog\/noticies\/fundacio-dexeus-dona-inicia-curs-academic\/#breadcrumb"},"inLanguage":"ca","potentialAction":[{"@type":"ReadAction","target":["https:\/\/www.dexeuscampus.com\/ca\/blog\/noticies\/fundacio-dexeus-dona-inicia-curs-academic\/"]}]},{"@type":"ImageObject","inLanguage":"ca","@id":"https:\/\/www.dexeuscampus.com\/ca\/blog\/noticies\/fundacio-dexeus-dona-inicia-curs-academic\/#primaryimage","url":"https:\/\/www.dexeuscampus.com\/wp-content\/uploads\/2021\/04\/719CBED8-3C9C-4898-BBEC-653182EE242D-scaled.jpeg","contentUrl":"https:\/\/www.dexeuscampus.com\/wp-content\/uploads\/2021\/04\/719CBED8-3C9C-4898-BBEC-653182EE242D-scaled.jpeg","width":2560,"height":1920,"caption":"Matr\u00edcules M\u00e0ster"},{"@type":"BreadcrumbList","@id":"https:\/\/www.dexeuscampus.com\/ca\/blog\/noticies\/fundacio-dexeus-dona-inicia-curs-academic\/#breadcrumb","itemListElement":[{"@type":"ListItem","position":1,"name":"Portada","item":"https:\/\/www.dexeuscampus.com\/ca\/inici\/"},{"@type":"ListItem","position":2,"name":"La Fundaci\u00f3 Dexeus Dona inicia el curs acad\u00e8mic 2024-2025 amb una s\u00f2lida oferta de formaci\u00f3 especialitzada"}]},{"@type":"WebSite","@id":"https:\/\/www.dexeuscampus.com\/ca\/#website","url":"https:\/\/www.dexeuscampus.com\/ca\/","name":"Dexeus Campus","description":"Plataforma online dirigida a los profesionales especializados en obstetricia, ginecolog\u00eda y reproducci\u00f3n","publisher":{"@id":"https:\/\/www.dexeuscampus.com\/ca\/#organization"},"potentialAction":[{"@type":"SearchAction","target":{"@type":"EntryPoint","urlTemplate":"https:\/\/www.dexeuscampus.com\/ca\/?s={search_term_string}"},"query-input":{"@type":"PropertyValueSpecification","valueRequired":true,"valueName":"search_term_string"}}],"inLanguage":"ca"},{"@type":"Organization","@id":"https:\/\/www.dexeuscampus.com\/ca\/#organization","name":"DEXEUS CAMPUS. FUNDACI\u00d3 DEXEUS DONA","url":"https:\/\/www.dexeuscampus.com\/ca\/","logo":{"@type":"ImageObject","inLanguage":"ca","@id":"https:\/\/www.dexeuscampus.com\/ca\/#\/schema\/logo\/image\/","url":"https:\/\/www.dexeuscampus.com\/wp-content\/uploads\/2021\/03\/Logo-Campus-Dexeus.png","contentUrl":"https:\/\/www.dexeuscampus.com\/wp-content\/uploads\/2021\/03\/Logo-Campus-Dexeus.png","width":2068,"height":1773,"caption":"DEXEUS CAMPUS. FUNDACI\u00d3 DEXEUS DONA"},"image":{"@id":"https:\/\/www.dexeuscampus.com\/ca\/#\/schema\/logo\/image\/"},"sameAs":["https:\/\/www.facebook.com\/CampusDexeus","https:\/\/x.com\/DexeusCampus","https:\/\/www.youtube.com\/user\/DexeusCampus","https:\/\/vimeo.com\/dexeuscampus","https:\/\/www.linkedin.com\/company\/dexeusmujer"]},{"@type":"Person","@id":"https:\/\/www.dexeuscampus.com\/ca\/#\/schema\/person\/48ba4a583d4098b26216190def081203","name":"Daniel G\u00e1miz Rivas","image":{"@type":"ImageObject","inLanguage":"ca","@id":"https:\/\/secure.gravatar.com\/avatar\/ac09a2b52d2985df5c98037a598fc78645cf024b1bd4638efd8ed48aad3f18c6?s=96&d=mm&r=g","url":"https:\/\/secure.gravatar.com\/avatar\/ac09a2b52d2985df5c98037a598fc78645cf024b1bd4638efd8ed48aad3f18c6?s=96&d=mm&r=g","contentUrl":"https:\/\/secure.gravatar.com\/avatar\/ac09a2b52d2985df5c98037a598fc78645cf024b1bd4638efd8ed48aad3f18c6?s=96&d=mm&r=g","caption":"Daniel G\u00e1miz Rivas"}}]}},"_links":{"self":[{"href":"https:\/\/www.dexeuscampus.com\/ca\/wp-json\/wp\/v2\/posts\/33410","targetHints":{"allow":["GET"]}}],"collection":[{"href":"https:\/\/www.dexeuscampus.com\/ca\/wp-json\/wp\/v2\/posts"}],"about":[{"href":"https:\/\/www.dexeuscampus.com\/ca\/wp-json\/wp\/v2\/types\/post"}],"author":[{"embeddable":true,"href":"https:\/\/www.dexeuscampus.com\/ca\/wp-json\/wp\/v2\/users\/3"}],"replies":[{"embeddable":true,"href":"https:\/\/www.dexeuscampus.com\/ca\/wp-json\/wp\/v2\/comments?post=33410"}],"version-history":[{"count":0,"href":"https:\/\/www.dexeuscampus.com\/ca\/wp-json\/wp\/v2\/posts\/33410\/revisions"}],"wp:featuredmedia":[{"embeddable":true,"href":"https:\/\/www.dexeuscampus.com\/ca\/wp-json\/wp\/v2\/media\/1326"}],"wp:attachment":[{"href":"https:\/\/www.dexeuscampus.com\/ca\/wp-json\/wp\/v2\/media?parent=33410"}],"wp:term":[{"taxonomy":"category","embeddable":true,"href":"https:\/\/www.dexeuscampus.com\/ca\/wp-json\/wp\/v2\/categories?post=33410"},{"taxonomy":"post_tag","embeddable":true,"href":"https:\/\/www.dexeuscampus.com\/ca\/wp-json\/wp\/v2\/tags?post=33410"}],"curies":[{"name":"wp","href":"https:\/\/api.w.org\/{rel}","templated":true}]}}