{"id":35211,"date":"2025-04-03T14:00:05","date_gmt":"2025-04-03T13:00:05","guid":{"rendered":"https:\/\/www.dexeuscampus.com\/?p=35211"},"modified":"2025-04-30T12:30:12","modified_gmt":"2025-04-30T11:30:12","slug":"estudi-canvis-maternitat-cervell-inclinacio-materna","status":"publish","type":"post","link":"https:\/\/www.dexeuscampus.com\/ca\/blog\/obstetricia-ca\/estudi-canvis-maternitat-cervell-inclinacio-materna\/","title":{"rendered":"Un estudi analitza els canvis que la maternitat provoca en el cervell hum\u00e0 i la seva relaci\u00f3 amb la inclinaci\u00f3 materna"},"content":{"rendered":"\t\t<div data-elementor-type=\"wp-post\" data-elementor-id=\"35211\" class=\"elementor elementor-35211 elementor-35177\" data-elementor-post-type=\"post\">\n\t\t\t\t\t\t<section class=\"elementor-section elementor-top-section elementor-element elementor-element-7456f9f elementor-section-boxed elementor-section-height-default elementor-section-height-default\" data-id=\"7456f9f\" data-element_type=\"section\" data-e-type=\"section\">\n\t\t\t\t\t\t<div class=\"elementor-container elementor-column-gap-default\">\n\t\t\t\t\t<div class=\"elementor-column elementor-col-100 elementor-top-column elementor-element elementor-element-7822c6f\" data-id=\"7822c6f\" data-element_type=\"column\" data-e-type=\"column\">\n\t\t\t<div class=\"elementor-widget-wrap elementor-element-populated\">\n\t\t\t\t\t\t<div class=\"elementor-element elementor-element-3fafce6 elementor-widget elementor-widget-html\" data-id=\"3fafce6\" data-element_type=\"widget\" data-e-type=\"widget\" data-widget_type=\"html.default\">\n\t\t\t\t<div class=\"elementor-widget-container\">\n\t\t\t\t\t<p style=\"margin: 0px 0px 0px 0px; text-align: left; font-size: 17px; font-weight: 600; font-style: italic; color: #537b8d;\">Article:<\/p>\r\n<p style=\"margin: 5px 15px 0px 0px; text-align: left; font-size: 19px; font-weight: 400; font-style: italic; line-height: 24px; color: #4f91cd\"><a href=\"https:\/\/www.nature.com\/articles\/s41467-025-55830-0\" target=\"_blank\" rel=\"noopener\" style=\"font-size: 19px; font-weight: 400; color: #4f91cd; text-decoration: underline;\" title=\"Pregnancy entails a U-shaped trajectory in human brain structure linked to hormones and maternal attachment\">Pregnancy entails a U-shaped trajectory in human brain structure linked to hormones and maternal attachment<\/a><\/p>\t\t\t\t<\/div>\n\t\t\t\t<\/div>\n\t\t\t\t<section class=\"elementor-section elementor-inner-section elementor-element elementor-element-f56ecf6 elementor-section-boxed elementor-section-height-default elementor-section-height-default\" data-id=\"f56ecf6\" data-element_type=\"section\" data-e-type=\"section\">\n\t\t\t\t\t\t<div class=\"elementor-container elementor-column-gap-default\">\n\t\t\t\t\t<div class=\"elementor-column elementor-col-50 elementor-inner-column elementor-element elementor-element-5f32392\" data-id=\"5f32392\" data-element_type=\"column\" data-e-type=\"column\">\n\t\t\t<div class=\"elementor-widget-wrap elementor-element-populated\">\n\t\t\t\t\t\t<div class=\"elementor-element elementor-element-d03e80f elementor-widget elementor-widget-html\" data-id=\"d03e80f\" data-element_type=\"widget\" data-e-type=\"widget\" data-widget_type=\"html.default\">\n\t\t\t\t<div class=\"elementor-widget-container\">\n\t\t\t\t\t<p style=\"margin: 0px 0px; text-align: left; font-size: 16px; font-weight: 400; line-height: 1.3; font-style: italic;\">Camila Servin-Barthet, Magdalena Mart\u00ednez-Garc\u00eda, Mar\u00eda Paternina-Die, Luis Marcos-Vidal, Daniel Mart\u00edn de Blas, Anna Soler, Olha Khymenets, Daniel Berg\u00e9, Gemma Casals, Pilar Prats, Oscar J Pozo, Clara Pretus, Susana Carmona, Oscar Vilarroya.<br><strong>Nat Commun<\/strong>. 2025 Jan 16;16(1):730. DOI: <a id=\"enlace_doi\" href=\"https:\/\/doi.org\/10.1038\/s41467-025-55830-0\" target=\"_blank\" rel=\"noopener\" style=\"font-size: 16px; color: #4f91cd; text-decoration: underline;\" title=\"10.1038\/s41467-025-55830-0\">10.1038\/s41467-025-55830-0<\/a>  <\/p>\t\t\t\t<\/div>\n\t\t\t\t<\/div>\n\t\t\t\t\t<\/div>\n\t\t<\/div>\n\t\t\t\t<div class=\"elementor-column elementor-col-50 elementor-inner-column elementor-element elementor-element-67274bd\" data-id=\"67274bd\" data-element_type=\"column\" data-e-type=\"column\">\n\t\t\t<div class=\"elementor-widget-wrap elementor-element-populated\">\n\t\t\t\t\t\t<div class=\"elementor-element elementor-element-7fbfc39 elementor-widget elementor-widget-image\" data-id=\"7fbfc39\" data-element_type=\"widget\" data-e-type=\"widget\" data-widget_type=\"image.default\">\n\t\t\t\t<div class=\"elementor-widget-container\">\n\t\t\t\t\t\t\t\t\t\t\t\t\t\t\t\t<a href=\"https:\/\/www.nature.com\/articles\/s41467-025-55830-0\" target=\"_blank\" title=\"pubmed\">\n\t\t\t\t\t\t\t<img decoding=\"async\" width=\"250\" height=\"90\" src=\"https:\/\/www.dexeuscampus.com\/wp-content\/uploads\/2025\/04\/logo-nature-communications.png\" class=\"attachment-full size-full wp-image-35183\" alt=\"Logo Nature Communications\" \/>\t\t\t\t\t\t\t\t<\/a>\n\t\t\t\t\t\t\t\t\t\t\t\t\t\t\t<\/div>\n\t\t\t\t<\/div>\n\t\t\t\t\t<\/div>\n\t\t<\/div>\n\t\t\t\t\t<\/div>\n\t\t<\/section>\n\t\t\t\t\t<\/div>\n\t\t<\/div>\n\t\t\t\t\t<\/div>\n\t\t<\/section>\n\t\t\t\t<section class=\"elementor-section elementor-top-section elementor-element elementor-element-a1ca23d elementor-section-boxed elementor-section-height-default elementor-section-height-default\" data-id=\"a1ca23d\" data-element_type=\"section\" data-e-type=\"section\">\n\t\t\t\t\t\t<div class=\"elementor-container elementor-column-gap-default\">\n\t\t\t\t\t<div class=\"elementor-column elementor-col-100 elementor-top-column elementor-element elementor-element-1c69bd1\" data-id=\"1c69bd1\" data-element_type=\"column\" data-e-type=\"column\">\n\t\t\t<div class=\"elementor-widget-wrap elementor-element-populated\">\n\t\t\t\t\t\t<div class=\"elementor-element elementor-element-84d7627 elementor-widget elementor-widget-text-editor\" data-id=\"84d7627\" data-element_type=\"widget\" data-e-type=\"widget\" data-widget_type=\"text-editor.default\">\n\t\t\t\t<div class=\"elementor-widget-container\">\n\t\t\t\t\t\t\t\t\t<p>Cada vegada hi ha m\u00e9s proves que el per\u00edode gestacional \u00e9s un moment \u00fanic de major neuroplasticitat en la vida adulta. Els estudis de neuroimatge que exploren a les dones abans i despr\u00e9s de l&#8217;embar\u00e0s suggereixen que les mares d&#8217;un primer fill experimenten una remodelaci\u00f3 de l&#8217;arquitectura cerebral que prediu la inclinaci\u00f3 materna postpart cap al nounat.  Aquests canvis cerebrals materns estan impulsats per les hormones gestacionals, incloses les hormones esteroidals, i segueixen una traject\u00f2ria en forma d\u2019una U, amb una disminuci\u00f3 inicial del volum de mat\u00e8ria grisa (MG) cortical durant l\u2019embar\u00e0s, seguida d\u2019una recuperaci\u00f3 parcial en el per\u00edode postpart.<\/p><p>Malgrat aquestes observacions, cap estudi anterior ha tra\u00e7at les traject\u00f2ries completes del canvi cerebral hum\u00e0 des de la preconcepci\u00f3 fins a l&#8217;embar\u00e0s i el postpart, integrant dades de neuroimatge multimodal, avaluacions endocrines i informaci\u00f3 neuropsicol\u00f2gica. Per aix\u00f2, un grup multidisciplinari d&#8217;investigadors ha dut a terme un estudi multic\u00e8ntric amb la finalitat de descobrir la traject\u00f2ria cerebral completa que es desenvolupa durant la transici\u00f3 a la maternitat, aix\u00ed com la seva connexi\u00f3 amb les hormones esteroidals i la inclinaci\u00f3 materna. En el treball ha participat <strong><a href=\"https:\/\/cat.dexeus.com\/qui-som\/els-nostres-centres\/equip-medic\/pilar-prats-rodriguez\" target=\"_blank\" rel=\"noopener\">Pilar Prats<\/a><\/strong>, <strong>directora de R+D d&#8217;Obstetr\u00edcia Cl\u00ednica de Dexeus Dona<\/strong>.  <\/p><p>En total es van incloure en l&#8217;estudi a 127 dones en el seu primer embar\u00e0s, de les quals es van obtenir imatges per resson\u00e0ncia magn\u00e8tica estructural en cinc sessions: abans de la concepci\u00f3, en el segon i tercer trimestre de l&#8217;embar\u00e0s, i durant el postpart, al mes i als 6 mesos del naixement, aix\u00ed com imatges per resson\u00e0ncia magn\u00e8tica en estat de rep\u00f2s abans de la concepci\u00f3 i al mes i als 6 mesos del naixement. Per distingir l&#8217;impacte dels factors gestacionals dels factors relacionats amb la crian\u00e7a, tamb\u00e9 es van recollir imatges en intervals de temps similars de 20 parelles femenines de les dones incloses en el grup de mares gestacionals. Finalment, per tenir en compte els canvis cerebrals no relacionats amb la maternitat es va escanejar a 32 dones sense fills ni plans de passar per un embar\u00e0s o maternitat.  <\/p><p>Els resultats van mostrar que la traject\u00f2ria en forma d&#8217;una U est\u00e0 vinculada predominantment a factors gestacionals, ja que nom\u00e9s es presenta en mares gestants i es correlaciona amb les fluctuacions d&#8217;estr\u00f2gens al llarg del temps. Aix\u00ed mateix, l&#8217;estudi revela que el benestar general de la mare t\u00e9 un paper fonamental en la recuperaci\u00f3 del volum de MG i la relaci\u00f3 d&#8217;inclinaci\u00f3 als 6 mesos despr\u00e9s del part. Segons els autors, aquestes troballes obren la porta a la identificaci\u00f3 de per\u00edodes espec\u00edfics durant l&#8217;embar\u00e0s i el postpart en els quals les experi\u00e8ncies i les intervencions poden tenir un major impacte en la salut cerebral i el benestar psicol\u00f2gic materns.  <\/p><p>.<\/p>\t\t\t\t\t\t\t\t<\/div>\n\t\t\t\t<\/div>\n\t\t\t\t\t<\/div>\n\t\t<\/div>\n\t\t\t\t\t<\/div>\n\t\t<\/section>\n\t\t\t\t<\/div>\n\t\t","protected":false},"excerpt":{"rendered":"<p>Cada vegada hi ha m\u00e9s proves que el per\u00edode gestacional \u00e9s un moment \u00fanic de major neuroplasticitat en la vida adulta. Els estudis de neuroimatge que exploren a les dones abans i despr\u00e9s de l&#8217;embar\u00e0s suggereixen que les mares d&#8217;un primer fill experimenten una remodelaci\u00f3 de l&#8217;arquitectura cerebral que prediu la inclinaci\u00f3 materna postpart cap al nounat. <\/p>\n","protected":false},"author":3,"featured_media":35179,"comment_status":"closed","ping_status":"closed","sticky":false,"template":"","format":"standard","meta":{"footnotes":""},"categories":[204],"tags":[],"class_list":["post-35211","post","type-post","status-publish","format-standard","has-post-thumbnail","hentry","category-obstetricia-ca"],"yoast_head":"<!-- This site is optimized with the Yoast SEO plugin v27.5 - https:\/\/yoast.com\/product\/yoast-seo-wordpress\/ -->\n<title>Un estudi analitza els canvis que la maternitat provoca en el cervell hum\u00e0 i la seva relaci\u00f3 amb la inclinaci\u00f3 materna - Dexeus Campus<\/title>\n<meta name=\"description\" content=\"Cada vegada hi ha m\u00e9s proves que el per\u00edode gestacional \u00e9s un moment \u00fanic de major neuroplasticitat en la vida adulta. Els estudis de neuroimatge que exploren a les dones abans i despr\u00e9s de l&#039;embar\u00e0s suggereixen que les mares d&#039;un primer fill experimenten una remodelaci\u00f3 de l&#039;arquitectura cerebral que prediu la inclinaci\u00f3 materna postpart cap al nounat.\" \/>\n<meta name=\"robots\" content=\"index, follow, max-snippet:-1, max-image-preview:large, max-video-preview:-1\" \/>\n<link rel=\"canonical\" href=\"https:\/\/www.dexeuscampus.com\/ca\/blog\/obstetricia-ca\/estudi-canvis-maternitat-cervell-inclinacio-materna\/\" \/>\n<meta property=\"og:locale\" content=\"ca_ES\" \/>\n<meta property=\"og:type\" content=\"article\" \/>\n<meta property=\"og:title\" content=\"Un estudi analitza els canvis que la maternitat provoca en el cervell hum\u00e0 i la seva relaci\u00f3 amb la inclinaci\u00f3 materna - Dexeus Campus\" \/>\n<meta property=\"og:description\" content=\"Cada vegada hi ha m\u00e9s proves que el per\u00edode gestacional \u00e9s un moment \u00fanic de major neuroplasticitat en la vida adulta. Els estudis de neuroimatge que exploren a les dones abans i despr\u00e9s de l&#039;embar\u00e0s suggereixen que les mares d&#039;un primer fill experimenten una remodelaci\u00f3 de l&#039;arquitectura cerebral que prediu la inclinaci\u00f3 materna postpart cap al nounat.\" \/>\n<meta property=\"og:url\" content=\"https:\/\/www.dexeuscampus.com\/ca\/blog\/obstetricia-ca\/estudi-canvis-maternitat-cervell-inclinacio-materna\/\" \/>\n<meta property=\"og:site_name\" content=\"Dexeus Campus\" \/>\n<meta property=\"article:publisher\" content=\"https:\/\/www.facebook.com\/CampusDexeus\" \/>\n<meta property=\"article:published_time\" content=\"2025-04-03T13:00:05+00:00\" \/>\n<meta property=\"article:modified_time\" content=\"2025-04-30T11:30:12+00:00\" \/>\n<meta property=\"og:image\" content=\"https:\/\/www.dexeuscampus.com\/wp-content\/uploads\/2025\/04\/estudio-cambios-maternidad-cerebro-apego-materno.jpg\" \/>\n\t<meta property=\"og:image:width\" content=\"1280\" \/>\n\t<meta property=\"og:image:height\" content=\"717\" \/>\n\t<meta property=\"og:image:type\" content=\"image\/jpeg\" \/>\n<meta name=\"author\" content=\"Daniel G\u00e1miz Rivas\" \/>\n<meta name=\"twitter:card\" content=\"summary_large_image\" \/>\n<meta name=\"twitter:creator\" content=\"@DexeusCampus\" \/>\n<meta name=\"twitter:site\" content=\"@DexeusCampus\" \/>\n<meta name=\"twitter:label1\" content=\"Escrit per\" \/>\n\t<meta name=\"twitter:data1\" content=\"Daniel G\u00e1miz Rivas\" \/>\n\t<meta name=\"twitter:label2\" content=\"Temps estimat de lectura\" \/>\n\t<meta name=\"twitter:data2\" content=\"3 minuts\" \/>\n<script type=\"application\/ld+json\" class=\"yoast-schema-graph\">{\"@context\":\"https:\\\/\\\/schema.org\",\"@graph\":[{\"@type\":\"Article\",\"@id\":\"https:\\\/\\\/www.dexeuscampus.com\\\/ca\\\/blog\\\/obstetricia-ca\\\/estudi-canvis-maternitat-cervell-inclinacio-materna\\\/#article\",\"isPartOf\":{\"@id\":\"https:\\\/\\\/www.dexeuscampus.com\\\/ca\\\/blog\\\/obstetricia-ca\\\/estudi-canvis-maternitat-cervell-inclinacio-materna\\\/\"},\"author\":{\"name\":\"Daniel G\u00e1miz Rivas\",\"@id\":\"https:\\\/\\\/www.dexeuscampus.com\\\/ca\\\/#\\\/schema\\\/person\\\/48ba4a583d4098b26216190def081203\"},\"headline\":\"Un estudi analitza els canvis que la maternitat provoca en el cervell hum\u00e0 i la seva relaci\u00f3 amb la inclinaci\u00f3 materna\",\"datePublished\":\"2025-04-03T13:00:05+00:00\",\"dateModified\":\"2025-04-30T11:30:12+00:00\",\"mainEntityOfPage\":{\"@id\":\"https:\\\/\\\/www.dexeuscampus.com\\\/ca\\\/blog\\\/obstetricia-ca\\\/estudi-canvis-maternitat-cervell-inclinacio-materna\\\/\"},\"wordCount\":557,\"publisher\":{\"@id\":\"https:\\\/\\\/www.dexeuscampus.com\\\/ca\\\/#organization\"},\"image\":{\"@id\":\"https:\\\/\\\/www.dexeuscampus.com\\\/ca\\\/blog\\\/obstetricia-ca\\\/estudi-canvis-maternitat-cervell-inclinacio-materna\\\/#primaryimage\"},\"thumbnailUrl\":\"https:\\\/\\\/www.dexeuscampus.com\\\/wp-content\\\/uploads\\\/2025\\\/04\\\/estudio-cambios-maternidad-cerebro-apego-materno.jpg\",\"articleSection\":[\"Obstetr\u00edcia\"],\"inLanguage\":\"ca\"},{\"@type\":\"WebPage\",\"@id\":\"https:\\\/\\\/www.dexeuscampus.com\\\/ca\\\/blog\\\/obstetricia-ca\\\/estudi-canvis-maternitat-cervell-inclinacio-materna\\\/\",\"url\":\"https:\\\/\\\/www.dexeuscampus.com\\\/ca\\\/blog\\\/obstetricia-ca\\\/estudi-canvis-maternitat-cervell-inclinacio-materna\\\/\",\"name\":\"Un estudi analitza els canvis que la maternitat provoca en el cervell hum\u00e0 i la seva relaci\u00f3 amb la inclinaci\u00f3 materna - Dexeus Campus\",\"isPartOf\":{\"@id\":\"https:\\\/\\\/www.dexeuscampus.com\\\/ca\\\/#website\"},\"primaryImageOfPage\":{\"@id\":\"https:\\\/\\\/www.dexeuscampus.com\\\/ca\\\/blog\\\/obstetricia-ca\\\/estudi-canvis-maternitat-cervell-inclinacio-materna\\\/#primaryimage\"},\"image\":{\"@id\":\"https:\\\/\\\/www.dexeuscampus.com\\\/ca\\\/blog\\\/obstetricia-ca\\\/estudi-canvis-maternitat-cervell-inclinacio-materna\\\/#primaryimage\"},\"thumbnailUrl\":\"https:\\\/\\\/www.dexeuscampus.com\\\/wp-content\\\/uploads\\\/2025\\\/04\\\/estudio-cambios-maternidad-cerebro-apego-materno.jpg\",\"datePublished\":\"2025-04-03T13:00:05+00:00\",\"dateModified\":\"2025-04-30T11:30:12+00:00\",\"description\":\"Cada vegada hi ha m\u00e9s proves que el per\u00edode gestacional \u00e9s un moment \u00fanic de major neuroplasticitat en la vida adulta. Els estudis de neuroimatge que exploren a les dones abans i despr\u00e9s de l'embar\u00e0s suggereixen que les mares d'un primer fill experimenten una remodelaci\u00f3 de l'arquitectura cerebral que prediu la inclinaci\u00f3 materna postpart cap al nounat.\",\"breadcrumb\":{\"@id\":\"https:\\\/\\\/www.dexeuscampus.com\\\/ca\\\/blog\\\/obstetricia-ca\\\/estudi-canvis-maternitat-cervell-inclinacio-materna\\\/#breadcrumb\"},\"inLanguage\":\"ca\",\"potentialAction\":[{\"@type\":\"ReadAction\",\"target\":[\"https:\\\/\\\/www.dexeuscampus.com\\\/ca\\\/blog\\\/obstetricia-ca\\\/estudi-canvis-maternitat-cervell-inclinacio-materna\\\/\"]}]},{\"@type\":\"ImageObject\",\"inLanguage\":\"ca\",\"@id\":\"https:\\\/\\\/www.dexeuscampus.com\\\/ca\\\/blog\\\/obstetricia-ca\\\/estudi-canvis-maternitat-cervell-inclinacio-materna\\\/#primaryimage\",\"url\":\"https:\\\/\\\/www.dexeuscampus.com\\\/wp-content\\\/uploads\\\/2025\\\/04\\\/estudio-cambios-maternidad-cerebro-apego-materno.jpg\",\"contentUrl\":\"https:\\\/\\\/www.dexeuscampus.com\\\/wp-content\\\/uploads\\\/2025\\\/04\\\/estudio-cambios-maternidad-cerebro-apego-materno.jpg\",\"width\":1280,\"height\":717,\"caption\":\"Un estudio analiza la los cambios que la maternidad provoca en el cerebro humano y su relaci\u00f3n con el apego materno\"},{\"@type\":\"BreadcrumbList\",\"@id\":\"https:\\\/\\\/www.dexeuscampus.com\\\/ca\\\/blog\\\/obstetricia-ca\\\/estudi-canvis-maternitat-cervell-inclinacio-materna\\\/#breadcrumb\",\"itemListElement\":[{\"@type\":\"ListItem\",\"position\":1,\"name\":\"Portada\",\"item\":\"https:\\\/\\\/www.dexeuscampus.com\\\/ca\\\/inici\\\/\"},{\"@type\":\"ListItem\",\"position\":2,\"name\":\"Un estudi analitza els canvis que la maternitat provoca en el cervell hum\u00e0 i la seva relaci\u00f3 amb la inclinaci\u00f3 materna\"}]},{\"@type\":\"WebSite\",\"@id\":\"https:\\\/\\\/www.dexeuscampus.com\\\/ca\\\/#website\",\"url\":\"https:\\\/\\\/www.dexeuscampus.com\\\/ca\\\/\",\"name\":\"Dexeus Campus\",\"description\":\"Plataforma online dirigida a los profesionales especializados en obstetricia, ginecolog\u00eda y reproducci\u00f3n\",\"publisher\":{\"@id\":\"https:\\\/\\\/www.dexeuscampus.com\\\/ca\\\/#organization\"},\"potentialAction\":[{\"@type\":\"SearchAction\",\"target\":{\"@type\":\"EntryPoint\",\"urlTemplate\":\"https:\\\/\\\/www.dexeuscampus.com\\\/ca\\\/?s={search_term_string}\"},\"query-input\":{\"@type\":\"PropertyValueSpecification\",\"valueRequired\":true,\"valueName\":\"search_term_string\"}}],\"inLanguage\":\"ca\"},{\"@type\":\"Organization\",\"@id\":\"https:\\\/\\\/www.dexeuscampus.com\\\/ca\\\/#organization\",\"name\":\"DEXEUS CAMPUS. FUNDACI\u00d3 DEXEUS DONA\",\"url\":\"https:\\\/\\\/www.dexeuscampus.com\\\/ca\\\/\",\"logo\":{\"@type\":\"ImageObject\",\"inLanguage\":\"ca\",\"@id\":\"https:\\\/\\\/www.dexeuscampus.com\\\/ca\\\/#\\\/schema\\\/logo\\\/image\\\/\",\"url\":\"https:\\\/\\\/www.dexeuscampus.com\\\/wp-content\\\/uploads\\\/2021\\\/03\\\/Logo-Campus-Dexeus.png\",\"contentUrl\":\"https:\\\/\\\/www.dexeuscampus.com\\\/wp-content\\\/uploads\\\/2021\\\/03\\\/Logo-Campus-Dexeus.png\",\"width\":2068,\"height\":1773,\"caption\":\"DEXEUS CAMPUS. FUNDACI\u00d3 DEXEUS DONA\"},\"image\":{\"@id\":\"https:\\\/\\\/www.dexeuscampus.com\\\/ca\\\/#\\\/schema\\\/logo\\\/image\\\/\"},\"sameAs\":[\"https:\\\/\\\/www.facebook.com\\\/CampusDexeus\",\"https:\\\/\\\/x.com\\\/DexeusCampus\",\"https:\\\/\\\/www.youtube.com\\\/user\\\/DexeusCampus\",\"https:\\\/\\\/vimeo.com\\\/dexeuscampus\",\"https:\\\/\\\/www.linkedin.com\\\/company\\\/dexeusmujer\"]},{\"@type\":\"Person\",\"@id\":\"https:\\\/\\\/www.dexeuscampus.com\\\/ca\\\/#\\\/schema\\\/person\\\/48ba4a583d4098b26216190def081203\",\"name\":\"Daniel G\u00e1miz Rivas\",\"image\":{\"@type\":\"ImageObject\",\"inLanguage\":\"ca\",\"@id\":\"https:\\\/\\\/secure.gravatar.com\\\/avatar\\\/ac09a2b52d2985df5c98037a598fc78645cf024b1bd4638efd8ed48aad3f18c6?s=96&d=mm&r=g\",\"url\":\"https:\\\/\\\/secure.gravatar.com\\\/avatar\\\/ac09a2b52d2985df5c98037a598fc78645cf024b1bd4638efd8ed48aad3f18c6?s=96&d=mm&r=g\",\"contentUrl\":\"https:\\\/\\\/secure.gravatar.com\\\/avatar\\\/ac09a2b52d2985df5c98037a598fc78645cf024b1bd4638efd8ed48aad3f18c6?s=96&d=mm&r=g\",\"caption\":\"Daniel G\u00e1miz Rivas\"}}]}<\/script>\n<!-- \/ Yoast SEO plugin. -->","yoast_head_json":{"title":"Un estudi analitza els canvis que la maternitat provoca en el cervell hum\u00e0 i la seva relaci\u00f3 amb la inclinaci\u00f3 materna - Dexeus Campus","description":"Cada vegada hi ha m\u00e9s proves que el per\u00edode gestacional \u00e9s un moment \u00fanic de major neuroplasticitat en la vida adulta. Els estudis de neuroimatge que exploren a les dones abans i despr\u00e9s de l'embar\u00e0s suggereixen que les mares d'un primer fill experimenten una remodelaci\u00f3 de l'arquitectura cerebral que prediu la inclinaci\u00f3 materna postpart cap al nounat.","robots":{"index":"index","follow":"follow","max-snippet":"max-snippet:-1","max-image-preview":"max-image-preview:large","max-video-preview":"max-video-preview:-1"},"canonical":"https:\/\/www.dexeuscampus.com\/ca\/blog\/obstetricia-ca\/estudi-canvis-maternitat-cervell-inclinacio-materna\/","og_locale":"ca_ES","og_type":"article","og_title":"Un estudi analitza els canvis que la maternitat provoca en el cervell hum\u00e0 i la seva relaci\u00f3 amb la inclinaci\u00f3 materna - Dexeus Campus","og_description":"Cada vegada hi ha m\u00e9s proves que el per\u00edode gestacional \u00e9s un moment \u00fanic de major neuroplasticitat en la vida adulta. Els estudis de neuroimatge que exploren a les dones abans i despr\u00e9s de l'embar\u00e0s suggereixen que les mares d'un primer fill experimenten una remodelaci\u00f3 de l'arquitectura cerebral que prediu la inclinaci\u00f3 materna postpart cap al nounat.","og_url":"https:\/\/www.dexeuscampus.com\/ca\/blog\/obstetricia-ca\/estudi-canvis-maternitat-cervell-inclinacio-materna\/","og_site_name":"Dexeus Campus","article_publisher":"https:\/\/www.facebook.com\/CampusDexeus","article_published_time":"2025-04-03T13:00:05+00:00","article_modified_time":"2025-04-30T11:30:12+00:00","og_image":[{"width":1280,"height":717,"url":"https:\/\/www.dexeuscampus.com\/wp-content\/uploads\/2025\/04\/estudio-cambios-maternidad-cerebro-apego-materno.jpg","type":"image\/jpeg"}],"author":"Daniel G\u00e1miz Rivas","twitter_card":"summary_large_image","twitter_creator":"@DexeusCampus","twitter_site":"@DexeusCampus","twitter_misc":{"Escrit per":"Daniel G\u00e1miz Rivas","Temps estimat de lectura":"3 minuts"},"schema":{"@context":"https:\/\/schema.org","@graph":[{"@type":"Article","@id":"https:\/\/www.dexeuscampus.com\/ca\/blog\/obstetricia-ca\/estudi-canvis-maternitat-cervell-inclinacio-materna\/#article","isPartOf":{"@id":"https:\/\/www.dexeuscampus.com\/ca\/blog\/obstetricia-ca\/estudi-canvis-maternitat-cervell-inclinacio-materna\/"},"author":{"name":"Daniel G\u00e1miz Rivas","@id":"https:\/\/www.dexeuscampus.com\/ca\/#\/schema\/person\/48ba4a583d4098b26216190def081203"},"headline":"Un estudi analitza els canvis que la maternitat provoca en el cervell hum\u00e0 i la seva relaci\u00f3 amb la inclinaci\u00f3 materna","datePublished":"2025-04-03T13:00:05+00:00","dateModified":"2025-04-30T11:30:12+00:00","mainEntityOfPage":{"@id":"https:\/\/www.dexeuscampus.com\/ca\/blog\/obstetricia-ca\/estudi-canvis-maternitat-cervell-inclinacio-materna\/"},"wordCount":557,"publisher":{"@id":"https:\/\/www.dexeuscampus.com\/ca\/#organization"},"image":{"@id":"https:\/\/www.dexeuscampus.com\/ca\/blog\/obstetricia-ca\/estudi-canvis-maternitat-cervell-inclinacio-materna\/#primaryimage"},"thumbnailUrl":"https:\/\/www.dexeuscampus.com\/wp-content\/uploads\/2025\/04\/estudio-cambios-maternidad-cerebro-apego-materno.jpg","articleSection":["Obstetr\u00edcia"],"inLanguage":"ca"},{"@type":"WebPage","@id":"https:\/\/www.dexeuscampus.com\/ca\/blog\/obstetricia-ca\/estudi-canvis-maternitat-cervell-inclinacio-materna\/","url":"https:\/\/www.dexeuscampus.com\/ca\/blog\/obstetricia-ca\/estudi-canvis-maternitat-cervell-inclinacio-materna\/","name":"Un estudi analitza els canvis que la maternitat provoca en el cervell hum\u00e0 i la seva relaci\u00f3 amb la inclinaci\u00f3 materna - Dexeus Campus","isPartOf":{"@id":"https:\/\/www.dexeuscampus.com\/ca\/#website"},"primaryImageOfPage":{"@id":"https:\/\/www.dexeuscampus.com\/ca\/blog\/obstetricia-ca\/estudi-canvis-maternitat-cervell-inclinacio-materna\/#primaryimage"},"image":{"@id":"https:\/\/www.dexeuscampus.com\/ca\/blog\/obstetricia-ca\/estudi-canvis-maternitat-cervell-inclinacio-materna\/#primaryimage"},"thumbnailUrl":"https:\/\/www.dexeuscampus.com\/wp-content\/uploads\/2025\/04\/estudio-cambios-maternidad-cerebro-apego-materno.jpg","datePublished":"2025-04-03T13:00:05+00:00","dateModified":"2025-04-30T11:30:12+00:00","description":"Cada vegada hi ha m\u00e9s proves que el per\u00edode gestacional \u00e9s un moment \u00fanic de major neuroplasticitat en la vida adulta. Els estudis de neuroimatge que exploren a les dones abans i despr\u00e9s de l'embar\u00e0s suggereixen que les mares d'un primer fill experimenten una remodelaci\u00f3 de l'arquitectura cerebral que prediu la inclinaci\u00f3 materna postpart cap al nounat.","breadcrumb":{"@id":"https:\/\/www.dexeuscampus.com\/ca\/blog\/obstetricia-ca\/estudi-canvis-maternitat-cervell-inclinacio-materna\/#breadcrumb"},"inLanguage":"ca","potentialAction":[{"@type":"ReadAction","target":["https:\/\/www.dexeuscampus.com\/ca\/blog\/obstetricia-ca\/estudi-canvis-maternitat-cervell-inclinacio-materna\/"]}]},{"@type":"ImageObject","inLanguage":"ca","@id":"https:\/\/www.dexeuscampus.com\/ca\/blog\/obstetricia-ca\/estudi-canvis-maternitat-cervell-inclinacio-materna\/#primaryimage","url":"https:\/\/www.dexeuscampus.com\/wp-content\/uploads\/2025\/04\/estudio-cambios-maternidad-cerebro-apego-materno.jpg","contentUrl":"https:\/\/www.dexeuscampus.com\/wp-content\/uploads\/2025\/04\/estudio-cambios-maternidad-cerebro-apego-materno.jpg","width":1280,"height":717,"caption":"Un estudio analiza la los cambios que la maternidad provoca en el cerebro humano y su relaci\u00f3n con el apego materno"},{"@type":"BreadcrumbList","@id":"https:\/\/www.dexeuscampus.com\/ca\/blog\/obstetricia-ca\/estudi-canvis-maternitat-cervell-inclinacio-materna\/#breadcrumb","itemListElement":[{"@type":"ListItem","position":1,"name":"Portada","item":"https:\/\/www.dexeuscampus.com\/ca\/inici\/"},{"@type":"ListItem","position":2,"name":"Un estudi analitza els canvis que la maternitat provoca en el cervell hum\u00e0 i la seva relaci\u00f3 amb la inclinaci\u00f3 materna"}]},{"@type":"WebSite","@id":"https:\/\/www.dexeuscampus.com\/ca\/#website","url":"https:\/\/www.dexeuscampus.com\/ca\/","name":"Dexeus Campus","description":"Plataforma online dirigida a los profesionales especializados en obstetricia, ginecolog\u00eda y reproducci\u00f3n","publisher":{"@id":"https:\/\/www.dexeuscampus.com\/ca\/#organization"},"potentialAction":[{"@type":"SearchAction","target":{"@type":"EntryPoint","urlTemplate":"https:\/\/www.dexeuscampus.com\/ca\/?s={search_term_string}"},"query-input":{"@type":"PropertyValueSpecification","valueRequired":true,"valueName":"search_term_string"}}],"inLanguage":"ca"},{"@type":"Organization","@id":"https:\/\/www.dexeuscampus.com\/ca\/#organization","name":"DEXEUS CAMPUS. FUNDACI\u00d3 DEXEUS DONA","url":"https:\/\/www.dexeuscampus.com\/ca\/","logo":{"@type":"ImageObject","inLanguage":"ca","@id":"https:\/\/www.dexeuscampus.com\/ca\/#\/schema\/logo\/image\/","url":"https:\/\/www.dexeuscampus.com\/wp-content\/uploads\/2021\/03\/Logo-Campus-Dexeus.png","contentUrl":"https:\/\/www.dexeuscampus.com\/wp-content\/uploads\/2021\/03\/Logo-Campus-Dexeus.png","width":2068,"height":1773,"caption":"DEXEUS CAMPUS. FUNDACI\u00d3 DEXEUS DONA"},"image":{"@id":"https:\/\/www.dexeuscampus.com\/ca\/#\/schema\/logo\/image\/"},"sameAs":["https:\/\/www.facebook.com\/CampusDexeus","https:\/\/x.com\/DexeusCampus","https:\/\/www.youtube.com\/user\/DexeusCampus","https:\/\/vimeo.com\/dexeuscampus","https:\/\/www.linkedin.com\/company\/dexeusmujer"]},{"@type":"Person","@id":"https:\/\/www.dexeuscampus.com\/ca\/#\/schema\/person\/48ba4a583d4098b26216190def081203","name":"Daniel G\u00e1miz Rivas","image":{"@type":"ImageObject","inLanguage":"ca","@id":"https:\/\/secure.gravatar.com\/avatar\/ac09a2b52d2985df5c98037a598fc78645cf024b1bd4638efd8ed48aad3f18c6?s=96&d=mm&r=g","url":"https:\/\/secure.gravatar.com\/avatar\/ac09a2b52d2985df5c98037a598fc78645cf024b1bd4638efd8ed48aad3f18c6?s=96&d=mm&r=g","contentUrl":"https:\/\/secure.gravatar.com\/avatar\/ac09a2b52d2985df5c98037a598fc78645cf024b1bd4638efd8ed48aad3f18c6?s=96&d=mm&r=g","caption":"Daniel G\u00e1miz Rivas"}}]}},"_links":{"self":[{"href":"https:\/\/www.dexeuscampus.com\/ca\/wp-json\/wp\/v2\/posts\/35211","targetHints":{"allow":["GET"]}}],"collection":[{"href":"https:\/\/www.dexeuscampus.com\/ca\/wp-json\/wp\/v2\/posts"}],"about":[{"href":"https:\/\/www.dexeuscampus.com\/ca\/wp-json\/wp\/v2\/types\/post"}],"author":[{"embeddable":true,"href":"https:\/\/www.dexeuscampus.com\/ca\/wp-json\/wp\/v2\/users\/3"}],"replies":[{"embeddable":true,"href":"https:\/\/www.dexeuscampus.com\/ca\/wp-json\/wp\/v2\/comments?post=35211"}],"version-history":[{"count":3,"href":"https:\/\/www.dexeuscampus.com\/ca\/wp-json\/wp\/v2\/posts\/35211\/revisions"}],"predecessor-version":[{"id":35432,"href":"https:\/\/www.dexeuscampus.com\/ca\/wp-json\/wp\/v2\/posts\/35211\/revisions\/35432"}],"wp:featuredmedia":[{"embeddable":true,"href":"https:\/\/www.dexeuscampus.com\/ca\/wp-json\/wp\/v2\/media\/35179"}],"wp:attachment":[{"href":"https:\/\/www.dexeuscampus.com\/ca\/wp-json\/wp\/v2\/media?parent=35211"}],"wp:term":[{"taxonomy":"category","embeddable":true,"href":"https:\/\/www.dexeuscampus.com\/ca\/wp-json\/wp\/v2\/categories?post=35211"},{"taxonomy":"post_tag","embeddable":true,"href":"https:\/\/www.dexeuscampus.com\/ca\/wp-json\/wp\/v2\/tags?post=35211"}],"curies":[{"name":"wp","href":"https:\/\/api.w.org\/{rel}","templated":true}]}}