{"id":37257,"date":"2025-12-04T12:33:24","date_gmt":"2025-12-04T11:33:24","guid":{"rendered":"https:\/\/www.dexeuscampus.com\/blog\/sense-categoria\/el-cea-celebra-el-seu-10e-aniversari-amb-una-jornada-sobre-bioetica\/"},"modified":"2025-12-11T13:14:16","modified_gmt":"2025-12-11T12:14:16","slug":"cea-celebra-10e-aniversari-jornada-bioetica","status":"publish","type":"post","link":"https:\/\/www.dexeuscampus.com\/ca\/blog\/reproduccio-assistida\/cea-celebra-10e-aniversari-jornada-bioetica\/","title":{"rendered":"El CEA celebra el seu 10\u00e8 aniversari amb una Jornada sobre Bio\u00e8tica"},"content":{"rendered":"\t\t<div data-elementor-type=\"wp-post\" data-elementor-id=\"37257\" class=\"elementor elementor-37257 elementor-37228\" data-elementor-post-type=\"post\">\n\t\t\t\t\t\t<section class=\"elementor-section elementor-top-section elementor-element elementor-element-4f63ae9 elementor-section-boxed elementor-section-height-default elementor-section-height-default\" data-id=\"4f63ae9\" data-element_type=\"section\" data-e-type=\"section\">\n\t\t\t\t\t\t<div class=\"elementor-container elementor-column-gap-default\">\n\t\t\t\t\t<div class=\"elementor-column elementor-col-100 elementor-top-column elementor-element elementor-element-d6347b1\" data-id=\"d6347b1\" data-element_type=\"column\" data-e-type=\"column\">\n\t\t\t<div class=\"elementor-widget-wrap elementor-element-populated\">\n\t\t\t\t\t\t<div class=\"elementor-element elementor-element-71c269d elementor-widget elementor-widget-text-editor\" data-id=\"71c269d\" data-element_type=\"widget\" data-e-type=\"widget\" data-widget_type=\"text-editor.default\">\n\t\t\t\t<div class=\"elementor-widget-container\">\n\t\t\t\t\t\t\t\t\t<p>Ahir va tenir lloc l&#8217;acte de commemoraci\u00f3 del 10\u00e8 aniversari del Comit\u00e8 d&#8217;\u00c8tica Assistencial (CEA) dels hospitals Quir\u00f3nSalud, Hospital Universitari Dexeus, Centre M\u00e8dic Teknon &#8211; Hopital Quir\u00f3nSalud Barcelona &#8211; Hospital El Pilar.<\/p><p>La Jornada, que es va celebrar a l&#8217;auditori de l&#8217;Hospital Universitari Dexeus, va comptar amb la pres\u00e8ncia <strong>Dr. Marc Antoni Broggi<\/strong>, reconegut especialista en Bio\u00e8tica, que va oferir la confer\u00e8ncia : \u201cUna medicina canviant. Nous objectius i responsabilitats professionals\u201d moderada per la <strong>Dra. Montse Boada<\/strong>, actual vicepresidenta del CEA.<\/p><p>El CEA realitza una important labor en la resoluci\u00f3 de conflictes \u00e8tics, respectant sempre els valors de les parts implicades. Les bi\u00f2logues <strong>Montse Boada i Clara Gonzalez<\/strong> de Dexeus Dona- Hospital Universitari Dexeus formen part del CEA des de la seva creaci\u00f3. <\/p>\t\t\t\t\t\t\t\t<\/div>\n\t\t\t\t<\/div>\n\t\t\t\t\t<\/div>\n\t\t<\/div>\n\t\t\t\t\t<\/div>\n\t\t<\/section>\n\t\t\t\t<section class=\"elementor-section elementor-top-section elementor-element elementor-element-12e3028 elementor-section-boxed elementor-section-height-default elementor-section-height-default\" data-id=\"12e3028\" data-element_type=\"section\" data-e-type=\"section\">\n\t\t\t\t\t\t<div class=\"elementor-container elementor-column-gap-default\">\n\t\t\t\t\t<div class=\"elementor-column elementor-col-100 elementor-top-column elementor-element elementor-element-4d421af\" data-id=\"4d421af\" data-element_type=\"column\" data-e-type=\"column\">\n\t\t\t<div class=\"elementor-widget-wrap elementor-element-populated\">\n\t\t\t\t\t\t<div class=\"elementor-element elementor-element-2f8a18e elementor-arrows-position-inside elementor-pagination-position-outside elementor-widget elementor-widget-image-carousel\" data-id=\"2f8a18e\" data-element_type=\"widget\" data-e-type=\"widget\" data-settings=\"{&quot;slides_to_show&quot;:&quot;3&quot;,&quot;autoplay_speed&quot;:3000,&quot;speed&quot;:300,&quot;image_spacing_custom&quot;:{&quot;unit&quot;:&quot;px&quot;,&quot;size&quot;:30,&quot;sizes&quot;:[]},&quot;navigation&quot;:&quot;both&quot;,&quot;autoplay&quot;:&quot;yes&quot;,&quot;pause_on_hover&quot;:&quot;yes&quot;,&quot;pause_on_interaction&quot;:&quot;yes&quot;,&quot;infinite&quot;:&quot;yes&quot;,&quot;image_spacing_custom_tablet&quot;:{&quot;unit&quot;:&quot;px&quot;,&quot;size&quot;:&quot;&quot;,&quot;sizes&quot;:[]},&quot;image_spacing_custom_mobile_extra&quot;:{&quot;unit&quot;:&quot;px&quot;,&quot;size&quot;:&quot;&quot;,&quot;sizes&quot;:[]},&quot;image_spacing_custom_mobile&quot;:{&quot;unit&quot;:&quot;px&quot;,&quot;size&quot;:&quot;&quot;,&quot;sizes&quot;:[]}}\" data-widget_type=\"image-carousel.default\">\n\t\t\t\t<div class=\"elementor-widget-container\">\n\t\t\t\t\t\t\t<div class=\"elementor-image-carousel-wrapper swiper\" role=\"region\" aria-roledescription=\"carousel\" aria-label=\"Carrusel de im\u00e1genes\" dir=\"ltr\">\n\t\t\t<div class=\"elementor-image-carousel swiper-wrapper\" aria-live=\"off\">\n\t\t\t\t\t\t\t\t<div class=\"swiper-slide\" role=\"group\" aria-roledescription=\"slide\" aria-label=\"1 de 6\"><a data-elementor-open-lightbox=\"yes\" data-elementor-lightbox-slideshow=\"2f8a18e\" data-elementor-lightbox-title=\"El CEA celebra el seu 10\u00e8 aniversari amb una Jornada sobre Bio\u00e8tica\" data-e-action-hash=\"#elementor-action%3Aaction%3Dlightbox%26settings%3DeyJpZCI6MzcyMzQsInVybCI6Imh0dHBzOlwvXC93d3cuZGV4ZXVzY2FtcHVzLmNvbVwvd3AtY29udGVudFwvdXBsb2Fkc1wvMjAyNVwvMTJcL2NlYS1jZWxlYnJhLTEwLWFuaXZlcnNhcmlvLWpvcm5hZGEtYmlvZXRpY2EtZ2FsZXJpYTEuanBnIiwic2xpZGVzaG93IjoiMmY4YTE4ZSJ9\" href=\"https:\/\/www.dexeuscampus.com\/wp-content\/uploads\/2025\/12\/cea-celebra-10-aniversario-jornada-bioetica-galeria1.jpg\"><figure class=\"swiper-slide-inner\"><img decoding=\"async\" class=\"swiper-slide-image\" src=\"https:\/\/www.dexeuscampus.com\/wp-content\/uploads\/elementor\/thumbs\/cea-celebra-10-aniversario-jornada-bioetica-galeria1-rfph5zojwfvu7vz1kzc2vs481ulo6n63y5zfrc4988.jpg\" alt=\"El CEA celebra el seu 10\u00e8 aniversari amb una Jornada sobre Bio\u00e8tica\" \/><\/figure><\/a><\/div><div class=\"swiper-slide\" role=\"group\" aria-roledescription=\"slide\" aria-label=\"2 de 6\"><a data-elementor-open-lightbox=\"yes\" data-elementor-lightbox-slideshow=\"2f8a18e\" data-elementor-lightbox-title=\"El CEA celebra el seu 10\u00e8 aniversari amb una Jornada sobre Bio\u00e8tica\" data-e-action-hash=\"#elementor-action%3Aaction%3Dlightbox%26settings%3DeyJpZCI6MzcyMzcsInVybCI6Imh0dHBzOlwvXC93d3cuZGV4ZXVzY2FtcHVzLmNvbVwvd3AtY29udGVudFwvdXBsb2Fkc1wvMjAyNVwvMTJcL2NlYS1jZWxlYnJhLTEwLWFuaXZlcnNhcmlvLWpvcm5hZGEtYmlvZXRpY2EtZ2FsZXJpYTIuanBnIiwic2xpZGVzaG93IjoiMmY4YTE4ZSJ9\" href=\"https:\/\/www.dexeuscampus.com\/wp-content\/uploads\/2025\/12\/cea-celebra-10-aniversario-jornada-bioetica-galeria2.jpg\"><figure class=\"swiper-slide-inner\"><img decoding=\"async\" class=\"swiper-slide-image\" src=\"https:\/\/www.dexeuscampus.com\/wp-content\/uploads\/elementor\/thumbs\/cea-celebra-10-aniversario-jornada-bioetica-galeria2-rfph61k8a3yev3wba05c0rn58mcem1dkmfaepw1gvs.jpg\" alt=\"El CEA celebra el seu 10\u00e8 aniversari amb una Jornada sobre Bio\u00e8tica\" \/><\/figure><\/a><\/div><div class=\"swiper-slide\" role=\"group\" aria-roledescription=\"slide\" aria-label=\"3 de 6\"><a data-elementor-open-lightbox=\"yes\" data-elementor-lightbox-slideshow=\"2f8a18e\" data-elementor-lightbox-title=\"El CEA celebra el seu 10\u00e8 aniversari amb una Jornada sobre Bio\u00e8tica\" data-e-action-hash=\"#elementor-action%3Aaction%3Dlightbox%26settings%3DeyJpZCI6MzcyNDAsInVybCI6Imh0dHBzOlwvXC93d3cuZGV4ZXVzY2FtcHVzLmNvbVwvd3AtY29udGVudFwvdXBsb2Fkc1wvMjAyNVwvMTJcL2NlYS1jZWxlYnJhLTEwLWFuaXZlcnNhcmlvLWpvcm5hZGEtYmlvZXRpY2EtZ2FsZXJpYTMuanBnIiwic2xpZGVzaG93IjoiMmY4YTE4ZSJ9\" href=\"https:\/\/www.dexeuscampus.com\/wp-content\/uploads\/2025\/12\/cea-celebra-10-aniversario-jornada-bioetica-galeria3.jpg\"><figure class=\"swiper-slide-inner\"><img decoding=\"async\" class=\"swiper-slide-image\" src=\"https:\/\/www.dexeuscampus.com\/wp-content\/uploads\/elementor\/thumbs\/cea-celebra-10-aniversario-jornada-bioetica-galeria3-rfph63fwns0zibtkz0yl5r62fe351fl1aoldofyojc.jpg\" alt=\"El CEA celebra el seu 10\u00e8 aniversari amb una Jornada sobre Bio\u00e8tica\" \/><\/figure><\/a><\/div><div class=\"swiper-slide\" role=\"group\" aria-roledescription=\"slide\" aria-label=\"4 de 6\"><a data-elementor-open-lightbox=\"yes\" data-elementor-lightbox-slideshow=\"2f8a18e\" data-elementor-lightbox-title=\"El CEA celebra el seu 10\u00e8 aniversari amb una Jornada sobre Bio\u00e8tica\" data-e-action-hash=\"#elementor-action%3Aaction%3Dlightbox%26settings%3DeyJpZCI6MzcyNDMsInVybCI6Imh0dHBzOlwvXC93d3cuZGV4ZXVzY2FtcHVzLmNvbVwvd3AtY29udGVudFwvdXBsb2Fkc1wvMjAyNVwvMTJcL2NlYS1jZWxlYnJhLTEwLWFuaXZlcnNhcmlvLWpvcm5hZGEtYmlvZXRpY2EtZ2FsZXJpYTQuanBnIiwic2xpZGVzaG93IjoiMmY4YTE4ZSJ9\" href=\"https:\/\/www.dexeuscampus.com\/wp-content\/uploads\/2025\/12\/cea-celebra-10-aniversario-jornada-bioetica-galeria4.jpg\"><figure class=\"swiper-slide-inner\"><img decoding=\"async\" class=\"swiper-slide-image\" src=\"https:\/\/www.dexeuscampus.com\/wp-content\/uploads\/elementor\/thumbs\/cea-celebra-10-aniversario-jornada-bioetica-galeria4-rfph64dqum29txs7tjd7q8xj0ryi94ormt8v5pxad4.jpg\" alt=\"El CEA celebra el seu 10\u00e8 aniversari amb una Jornada sobre Bio\u00e8tica\" \/><\/figure><\/a><\/div><div class=\"swiper-slide\" role=\"group\" aria-roledescription=\"slide\" aria-label=\"5 de 6\"><a data-elementor-open-lightbox=\"yes\" data-elementor-lightbox-slideshow=\"2f8a18e\" data-elementor-lightbox-title=\"El CEA celebra el seu 10\u00e8 aniversari amb una Jornada sobre Bio\u00e8tica\" data-e-action-hash=\"#elementor-action%3Aaction%3Dlightbox%26settings%3DeyJpZCI6MzcyNDYsInVybCI6Imh0dHBzOlwvXC93d3cuZGV4ZXVzY2FtcHVzLmNvbVwvd3AtY29udGVudFwvdXBsb2Fkc1wvMjAyNVwvMTJcL2NlYS1jZWxlYnJhLTEwLWFuaXZlcnNhcmlvLWpvcm5hZGEtYmlvZXRpY2EtZ2FsZXJpYTUuanBnIiwic2xpZGVzaG93IjoiMmY4YTE4ZSJ9\" href=\"https:\/\/www.dexeuscampus.com\/wp-content\/uploads\/2025\/12\/cea-celebra-10-aniversario-jornada-bioetica-galeria5.jpg\"><figure class=\"swiper-slide-inner\"><img decoding=\"async\" class=\"swiper-slide-image\" src=\"https:\/\/www.dexeuscampus.com\/wp-content\/uploads\/elementor\/thumbs\/cea-celebra-10-aniversario-jornada-bioetica-galeria5-rfph669f8a4uh5phik6gv8gg7jp8oiw8b2ju49ui0o.jpg\" alt=\"El CEA celebra el seu 10\u00e8 aniversari amb una Jornada sobre Bio\u00e8tica\" \/><\/figure><\/a><\/div><div class=\"swiper-slide\" role=\"group\" aria-roledescription=\"slide\" aria-label=\"6 de 6\"><a data-elementor-open-lightbox=\"yes\" data-elementor-lightbox-slideshow=\"2f8a18e\" data-elementor-lightbox-title=\"El CEA celebra el seu 10\u00e8 aniversari amb una Jornada sobre Bio\u00e8tica\" data-e-action-hash=\"#elementor-action%3Aaction%3Dlightbox%26settings%3DeyJpZCI6MzcyNDksInVybCI6Imh0dHBzOlwvXC93d3cuZGV4ZXVzY2FtcHVzLmNvbVwvd3AtY29udGVudFwvdXBsb2Fkc1wvMjAyNVwvMTJcL2NlYS1jZWxlYnJhLTEwLWFuaXZlcnNhcmlvLWpvcm5hZGEtYmlvZXRpY2EtZ2FsZXJpYTYuanBnIiwic2xpZGVzaG93IjoiMmY4YTE4ZSJ9\" href=\"https:\/\/www.dexeuscampus.com\/wp-content\/uploads\/2025\/12\/cea-celebra-10-aniversario-jornada-bioetica-galeria6.jpg\"><figure class=\"swiper-slide-inner\"><img decoding=\"async\" class=\"swiper-slide-image\" src=\"https:\/\/www.dexeuscampus.com\/wp-content\/uploads\/elementor\/thumbs\/cea-celebra-10-aniversario-jornada-bioetica-galeria6-rfph6853ly7f4dmr7kzq07zdebfz3x3ozbut2trpo8.jpg\" alt=\"El CEA celebra el seu 10\u00e8 aniversari amb una Jornada sobre Bio\u00e8tica\" \/><\/figure><\/a><\/div>\t\t\t<\/div>\n\t\t\t\t\t\t\t\t\t\t\t\t<div class=\"elementor-swiper-button elementor-swiper-button-prev\" role=\"button\" tabindex=\"0\">\n\t\t\t\t\t\t<i aria-hidden=\"true\" class=\"fas fa-arrow-left\"><\/i>\t\t\t\t\t<\/div>\n\t\t\t\t\t<div class=\"elementor-swiper-button elementor-swiper-button-next\" role=\"button\" tabindex=\"0\">\n\t\t\t\t\t\t<i aria-hidden=\"true\" class=\"fas fa-arrow-right\"><\/i>\t\t\t\t\t<\/div>\n\t\t\t\t\n\t\t\t\t\t\t\t\t\t<div class=\"swiper-pagination\"><\/div>\n\t\t\t\t\t\t\t\t\t<\/div>\n\t\t\t\t\t\t<\/div>\n\t\t\t\t<\/div>\n\t\t\t\t\t<\/div>\n\t\t<\/div>\n\t\t\t\t\t<\/div>\n\t\t<\/section>\n\t\t\t\t<\/div>\n\t\t","protected":false},"excerpt":{"rendered":"<p>Ahir va tenir lloc l&#8217;acte de commemoraci\u00f3 del 10\u00e8 aniversari del Comit\u00e8 d&#8217;\u00c8tica Assistencial (CEA) dels hospitals Quir\u00f3nSalud, Hospital Universitari Dexeus, Centre M\u00e8dic Teknon &#8211; Hopital Quir\u00f3nSalud Barcelona &#8211; Hospital El Pilar.<\/p>\n","protected":false},"author":3,"featured_media":37230,"comment_status":"closed","ping_status":"closed","sticky":false,"template":"","format":"standard","meta":{"footnotes":""},"categories":[206],"tags":[],"class_list":["post-37257","post","type-post","status-publish","format-standard","has-post-thumbnail","hentry","category-reproduccio-assistida"],"yoast_head":"<!-- This site is optimized with the Yoast SEO plugin v27.5 - https:\/\/yoast.com\/product\/yoast-seo-wordpress\/ -->\n<title>El CEA celebra el seu 10\u00e8 aniversari amb una Jornada sobre Bio\u00e8tica - Dexeus Campus<\/title>\n<meta name=\"description\" content=\"Ahir va tenir lloc l&#039;acte de commemoraci\u00f3 del 10\u00e8 aniversari del Comit\u00e8 d&#039;\u00c8tica Assistencial (CEA) dels hospitals Quir\u00f3nSalud, Hospital Universitari Dexeus, Centre M\u00e8dic Teknon - Hopital Quir\u00f3nSalud Barcelona - Hospital El Pilar.\" \/>\n<meta name=\"robots\" content=\"index, follow, max-snippet:-1, max-image-preview:large, max-video-preview:-1\" \/>\n<link rel=\"canonical\" href=\"https:\/\/www.dexeuscampus.com\/ca\/blog\/reproduccio-assistida\/cea-celebra-10e-aniversari-jornada-bioetica\/\" \/>\n<meta property=\"og:locale\" content=\"ca_ES\" \/>\n<meta property=\"og:type\" content=\"article\" \/>\n<meta property=\"og:title\" content=\"El CEA celebra el seu 10\u00e8 aniversari amb una Jornada sobre Bio\u00e8tica - Dexeus Campus\" \/>\n<meta property=\"og:description\" content=\"Ahir va tenir lloc l&#039;acte de commemoraci\u00f3 del 10\u00e8 aniversari del Comit\u00e8 d&#039;\u00c8tica Assistencial (CEA) dels hospitals Quir\u00f3nSalud, Hospital Universitari Dexeus, Centre M\u00e8dic Teknon - Hopital Quir\u00f3nSalud Barcelona - Hospital El Pilar.\" \/>\n<meta property=\"og:url\" content=\"https:\/\/www.dexeuscampus.com\/ca\/blog\/reproduccio-assistida\/cea-celebra-10e-aniversari-jornada-bioetica\/\" \/>\n<meta property=\"og:site_name\" content=\"Dexeus Campus\" \/>\n<meta property=\"article:publisher\" content=\"https:\/\/www.facebook.com\/CampusDexeus\" \/>\n<meta property=\"article:published_time\" content=\"2025-12-04T11:33:24+00:00\" \/>\n<meta property=\"article:modified_time\" content=\"2025-12-11T12:14:16+00:00\" \/>\n<meta property=\"og:image\" content=\"https:\/\/www.dexeuscampus.com\/wp-content\/uploads\/2025\/12\/cea-celebra-10-aniversario-jornada-bioetica.jpg\" \/>\n\t<meta property=\"og:image:width\" content=\"1280\" \/>\n\t<meta property=\"og:image:height\" content=\"500\" \/>\n\t<meta property=\"og:image:type\" content=\"image\/jpeg\" \/>\n<meta name=\"author\" content=\"Daniel G\u00e1miz Rivas\" \/>\n<meta name=\"twitter:card\" content=\"summary_large_image\" \/>\n<meta name=\"twitter:creator\" content=\"@DexeusCampus\" \/>\n<meta name=\"twitter:site\" content=\"@DexeusCampus\" \/>\n<meta name=\"twitter:label1\" content=\"Escrit per\" \/>\n\t<meta name=\"twitter:data1\" content=\"Daniel G\u00e1miz Rivas\" \/>\n\t<meta name=\"twitter:label2\" content=\"Temps estimat de lectura\" \/>\n\t<meta name=\"twitter:data2\" content=\"1 minut\" \/>\n<script type=\"application\/ld+json\" class=\"yoast-schema-graph\">{\"@context\":\"https:\\\/\\\/schema.org\",\"@graph\":[{\"@type\":\"Article\",\"@id\":\"https:\\\/\\\/www.dexeuscampus.com\\\/ca\\\/blog\\\/reproduccio-assistida\\\/cea-celebra-10e-aniversari-jornada-bioetica\\\/#article\",\"isPartOf\":{\"@id\":\"https:\\\/\\\/www.dexeuscampus.com\\\/ca\\\/blog\\\/reproduccio-assistida\\\/cea-celebra-10e-aniversari-jornada-bioetica\\\/\"},\"author\":{\"name\":\"Daniel G\u00e1miz Rivas\",\"@id\":\"https:\\\/\\\/www.dexeuscampus.com\\\/ca\\\/#\\\/schema\\\/person\\\/48ba4a583d4098b26216190def081203\"},\"headline\":\"El CEA celebra el seu 10\u00e8 aniversari amb una Jornada sobre Bio\u00e8tica\",\"datePublished\":\"2025-12-04T11:33:24+00:00\",\"dateModified\":\"2025-12-11T12:14:16+00:00\",\"mainEntityOfPage\":{\"@id\":\"https:\\\/\\\/www.dexeuscampus.com\\\/ca\\\/blog\\\/reproduccio-assistida\\\/cea-celebra-10e-aniversari-jornada-bioetica\\\/\"},\"wordCount\":141,\"publisher\":{\"@id\":\"https:\\\/\\\/www.dexeuscampus.com\\\/ca\\\/#organization\"},\"image\":{\"@id\":\"https:\\\/\\\/www.dexeuscampus.com\\\/ca\\\/blog\\\/reproduccio-assistida\\\/cea-celebra-10e-aniversari-jornada-bioetica\\\/#primaryimage\"},\"thumbnailUrl\":\"https:\\\/\\\/www.dexeuscampus.com\\\/wp-content\\\/uploads\\\/2025\\\/12\\\/cea-celebra-10-aniversario-jornada-bioetica.jpg\",\"articleSection\":[\"Reproducci\u00f3 assistida\"],\"inLanguage\":\"ca\"},{\"@type\":\"WebPage\",\"@id\":\"https:\\\/\\\/www.dexeuscampus.com\\\/ca\\\/blog\\\/reproduccio-assistida\\\/cea-celebra-10e-aniversari-jornada-bioetica\\\/\",\"url\":\"https:\\\/\\\/www.dexeuscampus.com\\\/ca\\\/blog\\\/reproduccio-assistida\\\/cea-celebra-10e-aniversari-jornada-bioetica\\\/\",\"name\":\"El CEA celebra el seu 10\u00e8 aniversari amb una Jornada sobre Bio\u00e8tica - Dexeus Campus\",\"isPartOf\":{\"@id\":\"https:\\\/\\\/www.dexeuscampus.com\\\/ca\\\/#website\"},\"primaryImageOfPage\":{\"@id\":\"https:\\\/\\\/www.dexeuscampus.com\\\/ca\\\/blog\\\/reproduccio-assistida\\\/cea-celebra-10e-aniversari-jornada-bioetica\\\/#primaryimage\"},\"image\":{\"@id\":\"https:\\\/\\\/www.dexeuscampus.com\\\/ca\\\/blog\\\/reproduccio-assistida\\\/cea-celebra-10e-aniversari-jornada-bioetica\\\/#primaryimage\"},\"thumbnailUrl\":\"https:\\\/\\\/www.dexeuscampus.com\\\/wp-content\\\/uploads\\\/2025\\\/12\\\/cea-celebra-10-aniversario-jornada-bioetica.jpg\",\"datePublished\":\"2025-12-04T11:33:24+00:00\",\"dateModified\":\"2025-12-11T12:14:16+00:00\",\"description\":\"Ahir va tenir lloc l'acte de commemoraci\u00f3 del 10\u00e8 aniversari del Comit\u00e8 d'\u00c8tica Assistencial (CEA) dels hospitals Quir\u00f3nSalud, Hospital Universitari Dexeus, Centre M\u00e8dic Teknon - Hopital Quir\u00f3nSalud Barcelona - Hospital El Pilar.\",\"breadcrumb\":{\"@id\":\"https:\\\/\\\/www.dexeuscampus.com\\\/ca\\\/blog\\\/reproduccio-assistida\\\/cea-celebra-10e-aniversari-jornada-bioetica\\\/#breadcrumb\"},\"inLanguage\":\"ca\",\"potentialAction\":[{\"@type\":\"ReadAction\",\"target\":[\"https:\\\/\\\/www.dexeuscampus.com\\\/ca\\\/blog\\\/reproduccio-assistida\\\/cea-celebra-10e-aniversari-jornada-bioetica\\\/\"]}]},{\"@type\":\"ImageObject\",\"inLanguage\":\"ca\",\"@id\":\"https:\\\/\\\/www.dexeuscampus.com\\\/ca\\\/blog\\\/reproduccio-assistida\\\/cea-celebra-10e-aniversari-jornada-bioetica\\\/#primaryimage\",\"url\":\"https:\\\/\\\/www.dexeuscampus.com\\\/wp-content\\\/uploads\\\/2025\\\/12\\\/cea-celebra-10-aniversario-jornada-bioetica.jpg\",\"contentUrl\":\"https:\\\/\\\/www.dexeuscampus.com\\\/wp-content\\\/uploads\\\/2025\\\/12\\\/cea-celebra-10-aniversario-jornada-bioetica.jpg\",\"width\":1280,\"height\":500,\"caption\":\"El CEA celebra el seu 10\u00e8 aniversari amb una Jornada sobre Bio\u00e8tica\"},{\"@type\":\"BreadcrumbList\",\"@id\":\"https:\\\/\\\/www.dexeuscampus.com\\\/ca\\\/blog\\\/reproduccio-assistida\\\/cea-celebra-10e-aniversari-jornada-bioetica\\\/#breadcrumb\",\"itemListElement\":[{\"@type\":\"ListItem\",\"position\":1,\"name\":\"Portada\",\"item\":\"https:\\\/\\\/www.dexeuscampus.com\\\/ca\\\/inici\\\/\"},{\"@type\":\"ListItem\",\"position\":2,\"name\":\"El CEA celebra el seu 10\u00e8 aniversari amb una Jornada sobre Bio\u00e8tica\"}]},{\"@type\":\"WebSite\",\"@id\":\"https:\\\/\\\/www.dexeuscampus.com\\\/ca\\\/#website\",\"url\":\"https:\\\/\\\/www.dexeuscampus.com\\\/ca\\\/\",\"name\":\"Dexeus Campus\",\"description\":\"Plataforma online dirigida a los profesionales especializados en obstetricia, ginecolog\u00eda y reproducci\u00f3n\",\"publisher\":{\"@id\":\"https:\\\/\\\/www.dexeuscampus.com\\\/ca\\\/#organization\"},\"potentialAction\":[{\"@type\":\"SearchAction\",\"target\":{\"@type\":\"EntryPoint\",\"urlTemplate\":\"https:\\\/\\\/www.dexeuscampus.com\\\/ca\\\/?s={search_term_string}\"},\"query-input\":{\"@type\":\"PropertyValueSpecification\",\"valueRequired\":true,\"valueName\":\"search_term_string\"}}],\"inLanguage\":\"ca\"},{\"@type\":\"Organization\",\"@id\":\"https:\\\/\\\/www.dexeuscampus.com\\\/ca\\\/#organization\",\"name\":\"DEXEUS CAMPUS. FUNDACI\u00d3 DEXEUS DONA\",\"url\":\"https:\\\/\\\/www.dexeuscampus.com\\\/ca\\\/\",\"logo\":{\"@type\":\"ImageObject\",\"inLanguage\":\"ca\",\"@id\":\"https:\\\/\\\/www.dexeuscampus.com\\\/ca\\\/#\\\/schema\\\/logo\\\/image\\\/\",\"url\":\"https:\\\/\\\/www.dexeuscampus.com\\\/wp-content\\\/uploads\\\/2021\\\/03\\\/Logo-Campus-Dexeus.png\",\"contentUrl\":\"https:\\\/\\\/www.dexeuscampus.com\\\/wp-content\\\/uploads\\\/2021\\\/03\\\/Logo-Campus-Dexeus.png\",\"width\":2068,\"height\":1773,\"caption\":\"DEXEUS CAMPUS. FUNDACI\u00d3 DEXEUS DONA\"},\"image\":{\"@id\":\"https:\\\/\\\/www.dexeuscampus.com\\\/ca\\\/#\\\/schema\\\/logo\\\/image\\\/\"},\"sameAs\":[\"https:\\\/\\\/www.facebook.com\\\/CampusDexeus\",\"https:\\\/\\\/x.com\\\/DexeusCampus\",\"https:\\\/\\\/www.youtube.com\\\/user\\\/DexeusCampus\",\"https:\\\/\\\/vimeo.com\\\/dexeuscampus\",\"https:\\\/\\\/www.linkedin.com\\\/company\\\/dexeusmujer\"]},{\"@type\":\"Person\",\"@id\":\"https:\\\/\\\/www.dexeuscampus.com\\\/ca\\\/#\\\/schema\\\/person\\\/48ba4a583d4098b26216190def081203\",\"name\":\"Daniel G\u00e1miz Rivas\",\"image\":{\"@type\":\"ImageObject\",\"inLanguage\":\"ca\",\"@id\":\"https:\\\/\\\/secure.gravatar.com\\\/avatar\\\/ac09a2b52d2985df5c98037a598fc78645cf024b1bd4638efd8ed48aad3f18c6?s=96&d=mm&r=g\",\"url\":\"https:\\\/\\\/secure.gravatar.com\\\/avatar\\\/ac09a2b52d2985df5c98037a598fc78645cf024b1bd4638efd8ed48aad3f18c6?s=96&d=mm&r=g\",\"contentUrl\":\"https:\\\/\\\/secure.gravatar.com\\\/avatar\\\/ac09a2b52d2985df5c98037a598fc78645cf024b1bd4638efd8ed48aad3f18c6?s=96&d=mm&r=g\",\"caption\":\"Daniel G\u00e1miz Rivas\"}}]}<\/script>\n<!-- \/ Yoast SEO plugin. -->","yoast_head_json":{"title":"El CEA celebra el seu 10\u00e8 aniversari amb una Jornada sobre Bio\u00e8tica - Dexeus Campus","description":"Ahir va tenir lloc l'acte de commemoraci\u00f3 del 10\u00e8 aniversari del Comit\u00e8 d'\u00c8tica Assistencial (CEA) dels hospitals Quir\u00f3nSalud, Hospital Universitari Dexeus, Centre M\u00e8dic Teknon - Hopital Quir\u00f3nSalud Barcelona - Hospital El Pilar.","robots":{"index":"index","follow":"follow","max-snippet":"max-snippet:-1","max-image-preview":"max-image-preview:large","max-video-preview":"max-video-preview:-1"},"canonical":"https:\/\/www.dexeuscampus.com\/ca\/blog\/reproduccio-assistida\/cea-celebra-10e-aniversari-jornada-bioetica\/","og_locale":"ca_ES","og_type":"article","og_title":"El CEA celebra el seu 10\u00e8 aniversari amb una Jornada sobre Bio\u00e8tica - Dexeus Campus","og_description":"Ahir va tenir lloc l'acte de commemoraci\u00f3 del 10\u00e8 aniversari del Comit\u00e8 d'\u00c8tica Assistencial (CEA) dels hospitals Quir\u00f3nSalud, Hospital Universitari Dexeus, Centre M\u00e8dic Teknon - Hopital Quir\u00f3nSalud Barcelona - Hospital El Pilar.","og_url":"https:\/\/www.dexeuscampus.com\/ca\/blog\/reproduccio-assistida\/cea-celebra-10e-aniversari-jornada-bioetica\/","og_site_name":"Dexeus Campus","article_publisher":"https:\/\/www.facebook.com\/CampusDexeus","article_published_time":"2025-12-04T11:33:24+00:00","article_modified_time":"2025-12-11T12:14:16+00:00","og_image":[{"width":1280,"height":500,"url":"https:\/\/www.dexeuscampus.com\/wp-content\/uploads\/2025\/12\/cea-celebra-10-aniversario-jornada-bioetica.jpg","type":"image\/jpeg"}],"author":"Daniel G\u00e1miz Rivas","twitter_card":"summary_large_image","twitter_creator":"@DexeusCampus","twitter_site":"@DexeusCampus","twitter_misc":{"Escrit per":"Daniel G\u00e1miz Rivas","Temps estimat de lectura":"1 minut"},"schema":{"@context":"https:\/\/schema.org","@graph":[{"@type":"Article","@id":"https:\/\/www.dexeuscampus.com\/ca\/blog\/reproduccio-assistida\/cea-celebra-10e-aniversari-jornada-bioetica\/#article","isPartOf":{"@id":"https:\/\/www.dexeuscampus.com\/ca\/blog\/reproduccio-assistida\/cea-celebra-10e-aniversari-jornada-bioetica\/"},"author":{"name":"Daniel G\u00e1miz Rivas","@id":"https:\/\/www.dexeuscampus.com\/ca\/#\/schema\/person\/48ba4a583d4098b26216190def081203"},"headline":"El CEA celebra el seu 10\u00e8 aniversari amb una Jornada sobre Bio\u00e8tica","datePublished":"2025-12-04T11:33:24+00:00","dateModified":"2025-12-11T12:14:16+00:00","mainEntityOfPage":{"@id":"https:\/\/www.dexeuscampus.com\/ca\/blog\/reproduccio-assistida\/cea-celebra-10e-aniversari-jornada-bioetica\/"},"wordCount":141,"publisher":{"@id":"https:\/\/www.dexeuscampus.com\/ca\/#organization"},"image":{"@id":"https:\/\/www.dexeuscampus.com\/ca\/blog\/reproduccio-assistida\/cea-celebra-10e-aniversari-jornada-bioetica\/#primaryimage"},"thumbnailUrl":"https:\/\/www.dexeuscampus.com\/wp-content\/uploads\/2025\/12\/cea-celebra-10-aniversario-jornada-bioetica.jpg","articleSection":["Reproducci\u00f3 assistida"],"inLanguage":"ca"},{"@type":"WebPage","@id":"https:\/\/www.dexeuscampus.com\/ca\/blog\/reproduccio-assistida\/cea-celebra-10e-aniversari-jornada-bioetica\/","url":"https:\/\/www.dexeuscampus.com\/ca\/blog\/reproduccio-assistida\/cea-celebra-10e-aniversari-jornada-bioetica\/","name":"El CEA celebra el seu 10\u00e8 aniversari amb una Jornada sobre Bio\u00e8tica - Dexeus Campus","isPartOf":{"@id":"https:\/\/www.dexeuscampus.com\/ca\/#website"},"primaryImageOfPage":{"@id":"https:\/\/www.dexeuscampus.com\/ca\/blog\/reproduccio-assistida\/cea-celebra-10e-aniversari-jornada-bioetica\/#primaryimage"},"image":{"@id":"https:\/\/www.dexeuscampus.com\/ca\/blog\/reproduccio-assistida\/cea-celebra-10e-aniversari-jornada-bioetica\/#primaryimage"},"thumbnailUrl":"https:\/\/www.dexeuscampus.com\/wp-content\/uploads\/2025\/12\/cea-celebra-10-aniversario-jornada-bioetica.jpg","datePublished":"2025-12-04T11:33:24+00:00","dateModified":"2025-12-11T12:14:16+00:00","description":"Ahir va tenir lloc l'acte de commemoraci\u00f3 del 10\u00e8 aniversari del Comit\u00e8 d'\u00c8tica Assistencial (CEA) dels hospitals Quir\u00f3nSalud, Hospital Universitari Dexeus, Centre M\u00e8dic Teknon - Hopital Quir\u00f3nSalud Barcelona - Hospital El Pilar.","breadcrumb":{"@id":"https:\/\/www.dexeuscampus.com\/ca\/blog\/reproduccio-assistida\/cea-celebra-10e-aniversari-jornada-bioetica\/#breadcrumb"},"inLanguage":"ca","potentialAction":[{"@type":"ReadAction","target":["https:\/\/www.dexeuscampus.com\/ca\/blog\/reproduccio-assistida\/cea-celebra-10e-aniversari-jornada-bioetica\/"]}]},{"@type":"ImageObject","inLanguage":"ca","@id":"https:\/\/www.dexeuscampus.com\/ca\/blog\/reproduccio-assistida\/cea-celebra-10e-aniversari-jornada-bioetica\/#primaryimage","url":"https:\/\/www.dexeuscampus.com\/wp-content\/uploads\/2025\/12\/cea-celebra-10-aniversario-jornada-bioetica.jpg","contentUrl":"https:\/\/www.dexeuscampus.com\/wp-content\/uploads\/2025\/12\/cea-celebra-10-aniversario-jornada-bioetica.jpg","width":1280,"height":500,"caption":"El CEA celebra el seu 10\u00e8 aniversari amb una Jornada sobre Bio\u00e8tica"},{"@type":"BreadcrumbList","@id":"https:\/\/www.dexeuscampus.com\/ca\/blog\/reproduccio-assistida\/cea-celebra-10e-aniversari-jornada-bioetica\/#breadcrumb","itemListElement":[{"@type":"ListItem","position":1,"name":"Portada","item":"https:\/\/www.dexeuscampus.com\/ca\/inici\/"},{"@type":"ListItem","position":2,"name":"El CEA celebra el seu 10\u00e8 aniversari amb una Jornada sobre Bio\u00e8tica"}]},{"@type":"WebSite","@id":"https:\/\/www.dexeuscampus.com\/ca\/#website","url":"https:\/\/www.dexeuscampus.com\/ca\/","name":"Dexeus Campus","description":"Plataforma online dirigida a los profesionales especializados en obstetricia, ginecolog\u00eda y reproducci\u00f3n","publisher":{"@id":"https:\/\/www.dexeuscampus.com\/ca\/#organization"},"potentialAction":[{"@type":"SearchAction","target":{"@type":"EntryPoint","urlTemplate":"https:\/\/www.dexeuscampus.com\/ca\/?s={search_term_string}"},"query-input":{"@type":"PropertyValueSpecification","valueRequired":true,"valueName":"search_term_string"}}],"inLanguage":"ca"},{"@type":"Organization","@id":"https:\/\/www.dexeuscampus.com\/ca\/#organization","name":"DEXEUS CAMPUS. FUNDACI\u00d3 DEXEUS DONA","url":"https:\/\/www.dexeuscampus.com\/ca\/","logo":{"@type":"ImageObject","inLanguage":"ca","@id":"https:\/\/www.dexeuscampus.com\/ca\/#\/schema\/logo\/image\/","url":"https:\/\/www.dexeuscampus.com\/wp-content\/uploads\/2021\/03\/Logo-Campus-Dexeus.png","contentUrl":"https:\/\/www.dexeuscampus.com\/wp-content\/uploads\/2021\/03\/Logo-Campus-Dexeus.png","width":2068,"height":1773,"caption":"DEXEUS CAMPUS. FUNDACI\u00d3 DEXEUS DONA"},"image":{"@id":"https:\/\/www.dexeuscampus.com\/ca\/#\/schema\/logo\/image\/"},"sameAs":["https:\/\/www.facebook.com\/CampusDexeus","https:\/\/x.com\/DexeusCampus","https:\/\/www.youtube.com\/user\/DexeusCampus","https:\/\/vimeo.com\/dexeuscampus","https:\/\/www.linkedin.com\/company\/dexeusmujer"]},{"@type":"Person","@id":"https:\/\/www.dexeuscampus.com\/ca\/#\/schema\/person\/48ba4a583d4098b26216190def081203","name":"Daniel G\u00e1miz Rivas","image":{"@type":"ImageObject","inLanguage":"ca","@id":"https:\/\/secure.gravatar.com\/avatar\/ac09a2b52d2985df5c98037a598fc78645cf024b1bd4638efd8ed48aad3f18c6?s=96&d=mm&r=g","url":"https:\/\/secure.gravatar.com\/avatar\/ac09a2b52d2985df5c98037a598fc78645cf024b1bd4638efd8ed48aad3f18c6?s=96&d=mm&r=g","contentUrl":"https:\/\/secure.gravatar.com\/avatar\/ac09a2b52d2985df5c98037a598fc78645cf024b1bd4638efd8ed48aad3f18c6?s=96&d=mm&r=g","caption":"Daniel G\u00e1miz Rivas"}}]}},"_links":{"self":[{"href":"https:\/\/www.dexeuscampus.com\/ca\/wp-json\/wp\/v2\/posts\/37257","targetHints":{"allow":["GET"]}}],"collection":[{"href":"https:\/\/www.dexeuscampus.com\/ca\/wp-json\/wp\/v2\/posts"}],"about":[{"href":"https:\/\/www.dexeuscampus.com\/ca\/wp-json\/wp\/v2\/types\/post"}],"author":[{"embeddable":true,"href":"https:\/\/www.dexeuscampus.com\/ca\/wp-json\/wp\/v2\/users\/3"}],"replies":[{"embeddable":true,"href":"https:\/\/www.dexeuscampus.com\/ca\/wp-json\/wp\/v2\/comments?post=37257"}],"version-history":[{"count":2,"href":"https:\/\/www.dexeuscampus.com\/ca\/wp-json\/wp\/v2\/posts\/37257\/revisions"}],"predecessor-version":[{"id":37260,"href":"https:\/\/www.dexeuscampus.com\/ca\/wp-json\/wp\/v2\/posts\/37257\/revisions\/37260"}],"wp:featuredmedia":[{"embeddable":true,"href":"https:\/\/www.dexeuscampus.com\/ca\/wp-json\/wp\/v2\/media\/37230"}],"wp:attachment":[{"href":"https:\/\/www.dexeuscampus.com\/ca\/wp-json\/wp\/v2\/media?parent=37257"}],"wp:term":[{"taxonomy":"category","embeddable":true,"href":"https:\/\/www.dexeuscampus.com\/ca\/wp-json\/wp\/v2\/categories?post=37257"},{"taxonomy":"post_tag","embeddable":true,"href":"https:\/\/www.dexeuscampus.com\/ca\/wp-json\/wp\/v2\/tags?post=37257"}],"curies":[{"name":"wp","href":"https:\/\/api.w.org\/{rel}","templated":true}]}}