{"id":29843,"date":"2024-03-13T14:13:19","date_gmt":"2024-03-13T13:13:19","guid":{"rendered":"https:\/\/www.dexeuscampus.com\/blog\/uncategorized\/a-study-provides-new-data-to-assess-fetal-cardiac-function-in-the-first-trimester-of-pregnancy\/"},"modified":"2024-06-07T15:55:21","modified_gmt":"2024-06-07T14:55:21","slug":"study-fetal-cardiac-function-first-trimester-pregnancy","status":"publish","type":"post","link":"https:\/\/www.dexeuscampus.com\/en\/blog\/obstetrics\/study-fetal-cardiac-function-first-trimester-pregnancy\/","title":{"rendered":"A study provides new data to assess fetal cardiac function in the first trimester of pregnancy"},"content":{"rendered":"\t\t<div data-elementor-type=\"wp-post\" data-elementor-id=\"29843\" class=\"elementor elementor-29843 elementor-29757\" data-elementor-post-type=\"post\">\n\t\t\t\t\t\t<section class=\"elementor-section elementor-top-section elementor-element elementor-element-2991325 elementor-section-boxed elementor-section-height-default elementor-section-height-default\" data-id=\"2991325\" data-element_type=\"section\" data-e-type=\"section\">\n\t\t\t\t\t\t<div class=\"elementor-container elementor-column-gap-default\">\n\t\t\t\t\t<div class=\"elementor-column elementor-col-100 elementor-top-column elementor-element elementor-element-b2d8480\" data-id=\"b2d8480\" data-element_type=\"column\" data-e-type=\"column\">\n\t\t\t<div class=\"elementor-widget-wrap elementor-element-populated\">\n\t\t\t\t\t\t<div class=\"elementor-element elementor-element-b36288d elementor-widget elementor-widget-html\" data-id=\"b36288d\" data-element_type=\"widget\" data-e-type=\"widget\" data-widget_type=\"html.default\">\n\t\t\t\t<div class=\"elementor-widget-container\">\n\t\t\t\t\t<p style=\"margin: 0px 0px 0px 0px; text-align: left; font-size: 17px; font-weight: 600; font-style: italic; color: #537b8d;\">Article:<\/p>\n<p style=\"margin: 5px 5px 0px 0px; text-align: left; font-size: 19px; font-weight: 400; font-style: italic; line-height: 24px; color: #4f91cd\"><a href=\"https:\/\/www.sciencedirect.com\/science\/article\/pii\/S2666577824000194?via%3Dihub\" target=\"_blank\" rel=\"noopener\" style=\"font-size: 19px; font-weight: 400; color: #4f91cd; text-decoration: underline;\" title=\"Assessment of fetal cardiac function in early fetal life: feasibility, reproducibility, and early fetal nomograms\">Assessment of fetal cardiac function in early fetal life: feasibility, reproducibility, and early fetal nomograms<\/a><\/p>\t\t\t\t<\/div>\n\t\t\t\t<\/div>\n\t\t\t\t<section class=\"elementor-section elementor-inner-section elementor-element elementor-element-3a56752 elementor-section-boxed elementor-section-height-default elementor-section-height-default\" data-id=\"3a56752\" data-element_type=\"section\" data-e-type=\"section\">\n\t\t\t\t\t\t<div class=\"elementor-container elementor-column-gap-default\">\n\t\t\t\t\t<div class=\"elementor-column elementor-col-50 elementor-inner-column elementor-element elementor-element-8cd9932\" data-id=\"8cd9932\" data-element_type=\"column\" data-e-type=\"column\">\n\t\t\t<div class=\"elementor-widget-wrap elementor-element-populated\">\n\t\t\t\t\t\t<div class=\"elementor-element elementor-element-239b101 elementor-widget elementor-widget-html\" data-id=\"239b101\" data-element_type=\"widget\" data-e-type=\"widget\" data-widget_type=\"html.default\">\n\t\t\t\t<div class=\"elementor-widget-container\">\n\t\t\t\t\t<p style=\"margin: 0px 0px; text-align: left; font-size: 16px; font-weight: 400; font-style: italic;\">Pilar Prats, M. Teresa Izquierdo, M. \u00c1ngeles Rodr\u00edguez, Ignacio Rodr\u00edguez, Alberto Rodr\u00edguez-Melc\u00f3n, Bernat Serra, Gerard Albaiges.<br>AJOG Global Reports. Volume 4, Issue 1, February 2024, 100325. DOI: <a id=\"enlace_doi\" href=\"https:\/\/doi.org\/10.1016\/j.xagr.2024.100325\" target=\"_blank\" rel=\"noopener\" style=\"font-size: 16px; color: #4f91cd; text-decoration: underline;\" title=\"10.1016\/j.xagr.2024.100325\">10.1016\/j.xagr.2024.100325<\/a><\/p>\t\t\t\t<\/div>\n\t\t\t\t<\/div>\n\t\t\t\t\t<\/div>\n\t\t<\/div>\n\t\t\t\t<div class=\"elementor-column elementor-col-50 elementor-inner-column elementor-element elementor-element-b56efe1\" data-id=\"b56efe1\" data-element_type=\"column\" data-e-type=\"column\">\n\t\t\t<div class=\"elementor-widget-wrap elementor-element-populated\">\n\t\t\t\t\t\t<div class=\"elementor-element elementor-element-71a0f9f elementor-widget elementor-widget-image\" data-id=\"71a0f9f\" data-element_type=\"widget\" data-e-type=\"widget\" data-widget_type=\"image.default\">\n\t\t\t\t<div class=\"elementor-widget-container\">\n\t\t\t\t\t\t\t\t\t\t\t\t\t\t\t\t<a href=\"https:\/\/www.sciencedirect.com\/science\/article\/pii\/S2666577824000194?via%3Dihub\" target=\"_blank\" title=\"https:\/\/www.sciencedirect.com\/science\/article\/pii\/S2666577824000194?via%3Dihub\">\n\t\t\t\t\t\t\t<img decoding=\"async\" width=\"250\" height=\"90\" src=\"https:\/\/www.dexeuscampus.com\/wp-content\/uploads\/2024\/03\/logo-ajog.png\" class=\"attachment-full size-full wp-image-29853\" alt=\"AJOG Global Reports\" \/>\t\t\t\t\t\t\t\t<\/a>\n\t\t\t\t\t\t\t\t\t\t\t\t\t\t\t<\/div>\n\t\t\t\t<\/div>\n\t\t\t\t\t<\/div>\n\t\t<\/div>\n\t\t\t\t\t<\/div>\n\t\t<\/section>\n\t\t\t\t\t<\/div>\n\t\t<\/div>\n\t\t\t\t\t<\/div>\n\t\t<\/section>\n\t\t\t\t<section class=\"elementor-section elementor-top-section elementor-element elementor-element-d1a0d6f elementor-section-boxed elementor-section-height-default elementor-section-height-default\" data-id=\"d1a0d6f\" data-element_type=\"section\" data-e-type=\"section\">\n\t\t\t\t\t\t<div class=\"elementor-container elementor-column-gap-default\">\n\t\t\t\t\t<div class=\"elementor-column elementor-col-100 elementor-top-column elementor-element elementor-element-134dd2d\" data-id=\"134dd2d\" data-element_type=\"column\" data-e-type=\"column\">\n\t\t\t<div class=\"elementor-widget-wrap elementor-element-populated\">\n\t\t\t\t\t\t<div class=\"elementor-element elementor-element-78265e6 elementor-widget elementor-widget-text-editor\" data-id=\"78265e6\" data-element_type=\"widget\" data-e-type=\"widget\" data-widget_type=\"text-editor.default\">\n\t\t\t\t<div class=\"elementor-widget-container\">\n\t\t\t\t\t\t\t\t\t<p>The study of fetal cardiac function at the end of first trimester has not been investigated properly, and there is a lack of reference values at early gestational weeks. For this reason, a team of researchers from Dexeus Mujer, led by <strong>Dr Pilar Prats<\/strong>, has conducted a prospective observational study in collaboration with the Hospital Vithas 9 Octubre in Valencia.<\/p>\n<p>Its aim was to assess whether the measurement of time-related cardiac function parameters in the left ventricle of the fetal heart was feasible and reproducible at the end of the first trimester. A total of 409 cases were recruited but only 296 could be included in the statistical analysis once the exclusion criteria were applied.<\/p>\n<p>The authors conclude that the study of fetal cardiac function is feasible and reproducible between 11 and 13+6 gestational weeks, and provide nomograms of the parameters studied, so that they can be used to assess normality or pathological deviation in early pregnancy. These new data are of great interest, especially in high-risk pregnancies, which could benefit from early evaluation.<\/p>\n<p>The paper has been published in the journal <a href=\"https:\/\/www.sciencedirect.com\/science\/article\/pii\/S2666577824000194?via%3Dihub\" target=\"_blank\" rel=\"noopener\"><em>AJOG Global Reports<\/em><\/a> and is available online.<\/p>\n\t\t\t\t\t\t\t\t<\/div>\n\t\t\t\t<\/div>\n\t\t\t\t\t<\/div>\n\t\t<\/div>\n\t\t\t\t\t<\/div>\n\t\t<\/section>\n\t\t\t\t<\/div>\n\t\t","protected":false},"excerpt":{"rendered":"<p>The study of fetal cardiac function at the end of first trimester has not been investigated properly, and there is a lack of reference values at early gestational weeks. For this reason, a team of researchers from Dexeus Mujer, led by Dr Pilar Prats&#8230;<\/p>\n","protected":false},"author":3,"featured_media":29760,"comment_status":"closed","ping_status":"closed","sticky":false,"template":"","format":"standard","meta":{"footnotes":""},"categories":[203],"tags":[],"class_list":["post-29843","post","type-post","status-publish","format-standard","has-post-thumbnail","hentry","category-obstetrics"],"yoast_head":"<!-- This site is optimized with the Yoast SEO plugin v27.5 - https:\/\/yoast.com\/product\/yoast-seo-wordpress\/ -->\n<title>A study provides new data to assess fetal cardiac function in the first trimester of pregnancy - Dexeus Campus<\/title>\n<meta name=\"description\" content=\"The study of fetal cardiac function at the end of first trimester has not been investigated properly, and there is a lack of reference values at early gestational weeks. For this reason, a team of researchers from Dexeus Mujer, led by Dr Pilar Prats...\" \/>\n<meta name=\"robots\" content=\"index, follow, max-snippet:-1, max-image-preview:large, max-video-preview:-1\" \/>\n<link rel=\"canonical\" href=\"https:\/\/www.dexeuscampus.com\/en\/blog\/obstetrics\/study-fetal-cardiac-function-first-trimester-pregnancy\/\" \/>\n<meta property=\"og:locale\" content=\"en_US\" \/>\n<meta property=\"og:type\" content=\"article\" \/>\n<meta property=\"og:title\" content=\"A study provides new data to assess fetal cardiac function in the first trimester of pregnancy - Dexeus Campus\" \/>\n<meta property=\"og:description\" content=\"The study of fetal cardiac function at the end of first trimester has not been investigated properly, and there is a lack of reference values at early gestational weeks. For this reason, a team of researchers from Dexeus Mujer, led by Dr Pilar Prats...\" \/>\n<meta property=\"og:url\" content=\"https:\/\/www.dexeuscampus.com\/en\/blog\/obstetrics\/study-fetal-cardiac-function-first-trimester-pregnancy\/\" \/>\n<meta property=\"og:site_name\" content=\"Dexeus Campus\" \/>\n<meta property=\"article:publisher\" content=\"https:\/\/www.facebook.com\/CampusDexeus\" \/>\n<meta property=\"article:published_time\" content=\"2024-03-13T13:13:19+00:00\" \/>\n<meta property=\"article:modified_time\" content=\"2024-06-07T14:55:21+00:00\" \/>\n<meta property=\"og:image\" content=\"https:\/\/www.dexeuscampus.com\/wp-content\/uploads\/2024\/03\/estudio-funcion-cardiaca-fetal-1r-trimestre-gestacion.jpg\" \/>\n\t<meta property=\"og:image:width\" content=\"1280\" \/>\n\t<meta property=\"og:image:height\" content=\"676\" \/>\n\t<meta property=\"og:image:type\" content=\"image\/jpeg\" \/>\n<meta name=\"author\" content=\"Daniel G\u00e1miz Rivas\" \/>\n<meta name=\"twitter:card\" content=\"summary_large_image\" \/>\n<meta name=\"twitter:creator\" content=\"@DexeusCampus\" \/>\n<meta name=\"twitter:site\" content=\"@DexeusCampus\" \/>\n<meta name=\"twitter:label1\" content=\"Written by\" \/>\n\t<meta name=\"twitter:data1\" content=\"Daniel G\u00e1miz Rivas\" \/>\n\t<meta name=\"twitter:label2\" content=\"Est. reading time\" \/>\n\t<meta name=\"twitter:data2\" content=\"1 minute\" \/>\n<script type=\"application\/ld+json\" class=\"yoast-schema-graph\">{\"@context\":\"https:\\\/\\\/schema.org\",\"@graph\":[{\"@type\":\"Article\",\"@id\":\"https:\\\/\\\/www.dexeuscampus.com\\\/en\\\/blog\\\/obstetrics\\\/study-fetal-cardiac-function-first-trimester-pregnancy\\\/#article\",\"isPartOf\":{\"@id\":\"https:\\\/\\\/www.dexeuscampus.com\\\/en\\\/blog\\\/obstetrics\\\/study-fetal-cardiac-function-first-trimester-pregnancy\\\/\"},\"author\":{\"name\":\"Daniel G\u00e1miz Rivas\",\"@id\":\"https:\\\/\\\/www.dexeuscampus.com\\\/en\\\/#\\\/schema\\\/person\\\/48ba4a583d4098b26216190def081203\"},\"headline\":\"A study provides new data to assess fetal cardiac function in the first trimester of pregnancy\",\"datePublished\":\"2024-03-13T13:13:19+00:00\",\"dateModified\":\"2024-06-07T14:55:21+00:00\",\"mainEntityOfPage\":{\"@id\":\"https:\\\/\\\/www.dexeuscampus.com\\\/en\\\/blog\\\/obstetrics\\\/study-fetal-cardiac-function-first-trimester-pregnancy\\\/\"},\"wordCount\":245,\"publisher\":{\"@id\":\"https:\\\/\\\/www.dexeuscampus.com\\\/en\\\/#organization\"},\"image\":{\"@id\":\"https:\\\/\\\/www.dexeuscampus.com\\\/en\\\/blog\\\/obstetrics\\\/study-fetal-cardiac-function-first-trimester-pregnancy\\\/#primaryimage\"},\"thumbnailUrl\":\"https:\\\/\\\/www.dexeuscampus.com\\\/wp-content\\\/uploads\\\/2024\\\/03\\\/estudio-funcion-cardiaca-fetal-1r-trimestre-gestacion.jpg\",\"articleSection\":[\"Obstetrics\"],\"inLanguage\":\"en-US\"},{\"@type\":\"WebPage\",\"@id\":\"https:\\\/\\\/www.dexeuscampus.com\\\/en\\\/blog\\\/obstetrics\\\/study-fetal-cardiac-function-first-trimester-pregnancy\\\/\",\"url\":\"https:\\\/\\\/www.dexeuscampus.com\\\/en\\\/blog\\\/obstetrics\\\/study-fetal-cardiac-function-first-trimester-pregnancy\\\/\",\"name\":\"A study provides new data to assess fetal cardiac function in the first trimester of pregnancy - Dexeus Campus\",\"isPartOf\":{\"@id\":\"https:\\\/\\\/www.dexeuscampus.com\\\/en\\\/#website\"},\"primaryImageOfPage\":{\"@id\":\"https:\\\/\\\/www.dexeuscampus.com\\\/en\\\/blog\\\/obstetrics\\\/study-fetal-cardiac-function-first-trimester-pregnancy\\\/#primaryimage\"},\"image\":{\"@id\":\"https:\\\/\\\/www.dexeuscampus.com\\\/en\\\/blog\\\/obstetrics\\\/study-fetal-cardiac-function-first-trimester-pregnancy\\\/#primaryimage\"},\"thumbnailUrl\":\"https:\\\/\\\/www.dexeuscampus.com\\\/wp-content\\\/uploads\\\/2024\\\/03\\\/estudio-funcion-cardiaca-fetal-1r-trimestre-gestacion.jpg\",\"datePublished\":\"2024-03-13T13:13:19+00:00\",\"dateModified\":\"2024-06-07T14:55:21+00:00\",\"description\":\"The study of fetal cardiac function at the end of first trimester has not been investigated properly, and there is a lack of reference values at early gestational weeks. For this reason, a team of researchers from Dexeus Mujer, led by Dr Pilar Prats...\",\"breadcrumb\":{\"@id\":\"https:\\\/\\\/www.dexeuscampus.com\\\/en\\\/blog\\\/obstetrics\\\/study-fetal-cardiac-function-first-trimester-pregnancy\\\/#breadcrumb\"},\"inLanguage\":\"en-US\",\"potentialAction\":[{\"@type\":\"ReadAction\",\"target\":[\"https:\\\/\\\/www.dexeuscampus.com\\\/en\\\/blog\\\/obstetrics\\\/study-fetal-cardiac-function-first-trimester-pregnancy\\\/\"]}]},{\"@type\":\"ImageObject\",\"inLanguage\":\"en-US\",\"@id\":\"https:\\\/\\\/www.dexeuscampus.com\\\/en\\\/blog\\\/obstetrics\\\/study-fetal-cardiac-function-first-trimester-pregnancy\\\/#primaryimage\",\"url\":\"https:\\\/\\\/www.dexeuscampus.com\\\/wp-content\\\/uploads\\\/2024\\\/03\\\/estudio-funcion-cardiaca-fetal-1r-trimestre-gestacion.jpg\",\"contentUrl\":\"https:\\\/\\\/www.dexeuscampus.com\\\/wp-content\\\/uploads\\\/2024\\\/03\\\/estudio-funcion-cardiaca-fetal-1r-trimestre-gestacion.jpg\",\"width\":1280,\"height\":676,\"caption\":\"Un estudio aporta nuevos datos para evaluar la funci\u00f3n cardiaca fetal en el primer trimestre de gestaci\u00f3n\"},{\"@type\":\"BreadcrumbList\",\"@id\":\"https:\\\/\\\/www.dexeuscampus.com\\\/en\\\/blog\\\/obstetrics\\\/study-fetal-cardiac-function-first-trimester-pregnancy\\\/#breadcrumb\",\"itemListElement\":[{\"@type\":\"ListItem\",\"position\":1,\"name\":\"Portada\",\"item\":\"https:\\\/\\\/www.dexeuscampus.com\\\/en\\\/home\\\/\"},{\"@type\":\"ListItem\",\"position\":2,\"name\":\"A study provides new data to assess fetal cardiac function in the first trimester of pregnancy\"}]},{\"@type\":\"WebSite\",\"@id\":\"https:\\\/\\\/www.dexeuscampus.com\\\/en\\\/#website\",\"url\":\"https:\\\/\\\/www.dexeuscampus.com\\\/en\\\/\",\"name\":\"Dexeus Campus\",\"description\":\"Plataforma online dirigida a los profesionales especializados en obstetricia, ginecolog\u00eda y reproducci\u00f3n\",\"publisher\":{\"@id\":\"https:\\\/\\\/www.dexeuscampus.com\\\/en\\\/#organization\"},\"potentialAction\":[{\"@type\":\"SearchAction\",\"target\":{\"@type\":\"EntryPoint\",\"urlTemplate\":\"https:\\\/\\\/www.dexeuscampus.com\\\/en\\\/?s={search_term_string}\"},\"query-input\":{\"@type\":\"PropertyValueSpecification\",\"valueRequired\":true,\"valueName\":\"search_term_string\"}}],\"inLanguage\":\"en-US\"},{\"@type\":\"Organization\",\"@id\":\"https:\\\/\\\/www.dexeuscampus.com\\\/en\\\/#organization\",\"name\":\"DEXEUS CAMPUS. FUNDACION DEXEUS MUJER\",\"url\":\"https:\\\/\\\/www.dexeuscampus.com\\\/en\\\/\",\"logo\":{\"@type\":\"ImageObject\",\"inLanguage\":\"en-US\",\"@id\":\"https:\\\/\\\/www.dexeuscampus.com\\\/en\\\/#\\\/schema\\\/logo\\\/image\\\/\",\"url\":\"https:\\\/\\\/www.dexeuscampus.com\\\/wp-content\\\/uploads\\\/2021\\\/03\\\/Logo-Campus-Dexeus.png\",\"contentUrl\":\"https:\\\/\\\/www.dexeuscampus.com\\\/wp-content\\\/uploads\\\/2021\\\/03\\\/Logo-Campus-Dexeus.png\",\"width\":2068,\"height\":1773,\"caption\":\"DEXEUS CAMPUS. FUNDACION DEXEUS MUJER\"},\"image\":{\"@id\":\"https:\\\/\\\/www.dexeuscampus.com\\\/en\\\/#\\\/schema\\\/logo\\\/image\\\/\"},\"sameAs\":[\"https:\\\/\\\/www.facebook.com\\\/CampusDexeus\",\"https:\\\/\\\/x.com\\\/DexeusCampus\",\"https:\\\/\\\/www.youtube.com\\\/user\\\/DexeusCampus\",\"https:\\\/\\\/vimeo.com\\\/dexeuscampus\",\"https:\\\/\\\/www.linkedin.com\\\/company\\\/dexeusmujer\"]},{\"@type\":\"Person\",\"@id\":\"https:\\\/\\\/www.dexeuscampus.com\\\/en\\\/#\\\/schema\\\/person\\\/48ba4a583d4098b26216190def081203\",\"name\":\"Daniel G\u00e1miz Rivas\",\"image\":{\"@type\":\"ImageObject\",\"inLanguage\":\"en-US\",\"@id\":\"https:\\\/\\\/secure.gravatar.com\\\/avatar\\\/ac09a2b52d2985df5c98037a598fc78645cf024b1bd4638efd8ed48aad3f18c6?s=96&d=mm&r=g\",\"url\":\"https:\\\/\\\/secure.gravatar.com\\\/avatar\\\/ac09a2b52d2985df5c98037a598fc78645cf024b1bd4638efd8ed48aad3f18c6?s=96&d=mm&r=g\",\"contentUrl\":\"https:\\\/\\\/secure.gravatar.com\\\/avatar\\\/ac09a2b52d2985df5c98037a598fc78645cf024b1bd4638efd8ed48aad3f18c6?s=96&d=mm&r=g\",\"caption\":\"Daniel G\u00e1miz Rivas\"}}]}<\/script>\n<!-- \/ Yoast SEO plugin. -->","yoast_head_json":{"title":"A study provides new data to assess fetal cardiac function in the first trimester of pregnancy - Dexeus Campus","description":"The study of fetal cardiac function at the end of first trimester has not been investigated properly, and there is a lack of reference values at early gestational weeks. For this reason, a team of researchers from Dexeus Mujer, led by Dr Pilar Prats...","robots":{"index":"index","follow":"follow","max-snippet":"max-snippet:-1","max-image-preview":"max-image-preview:large","max-video-preview":"max-video-preview:-1"},"canonical":"https:\/\/www.dexeuscampus.com\/en\/blog\/obstetrics\/study-fetal-cardiac-function-first-trimester-pregnancy\/","og_locale":"en_US","og_type":"article","og_title":"A study provides new data to assess fetal cardiac function in the first trimester of pregnancy - Dexeus Campus","og_description":"The study of fetal cardiac function at the end of first trimester has not been investigated properly, and there is a lack of reference values at early gestational weeks. For this reason, a team of researchers from Dexeus Mujer, led by Dr Pilar Prats...","og_url":"https:\/\/www.dexeuscampus.com\/en\/blog\/obstetrics\/study-fetal-cardiac-function-first-trimester-pregnancy\/","og_site_name":"Dexeus Campus","article_publisher":"https:\/\/www.facebook.com\/CampusDexeus","article_published_time":"2024-03-13T13:13:19+00:00","article_modified_time":"2024-06-07T14:55:21+00:00","og_image":[{"width":1280,"height":676,"url":"https:\/\/www.dexeuscampus.com\/wp-content\/uploads\/2024\/03\/estudio-funcion-cardiaca-fetal-1r-trimestre-gestacion.jpg","type":"image\/jpeg"}],"author":"Daniel G\u00e1miz Rivas","twitter_card":"summary_large_image","twitter_creator":"@DexeusCampus","twitter_site":"@DexeusCampus","twitter_misc":{"Written by":"Daniel G\u00e1miz Rivas","Est. reading time":"1 minute"},"schema":{"@context":"https:\/\/schema.org","@graph":[{"@type":"Article","@id":"https:\/\/www.dexeuscampus.com\/en\/blog\/obstetrics\/study-fetal-cardiac-function-first-trimester-pregnancy\/#article","isPartOf":{"@id":"https:\/\/www.dexeuscampus.com\/en\/blog\/obstetrics\/study-fetal-cardiac-function-first-trimester-pregnancy\/"},"author":{"name":"Daniel G\u00e1miz Rivas","@id":"https:\/\/www.dexeuscampus.com\/en\/#\/schema\/person\/48ba4a583d4098b26216190def081203"},"headline":"A study provides new data to assess fetal cardiac function in the first trimester of pregnancy","datePublished":"2024-03-13T13:13:19+00:00","dateModified":"2024-06-07T14:55:21+00:00","mainEntityOfPage":{"@id":"https:\/\/www.dexeuscampus.com\/en\/blog\/obstetrics\/study-fetal-cardiac-function-first-trimester-pregnancy\/"},"wordCount":245,"publisher":{"@id":"https:\/\/www.dexeuscampus.com\/en\/#organization"},"image":{"@id":"https:\/\/www.dexeuscampus.com\/en\/blog\/obstetrics\/study-fetal-cardiac-function-first-trimester-pregnancy\/#primaryimage"},"thumbnailUrl":"https:\/\/www.dexeuscampus.com\/wp-content\/uploads\/2024\/03\/estudio-funcion-cardiaca-fetal-1r-trimestre-gestacion.jpg","articleSection":["Obstetrics"],"inLanguage":"en-US"},{"@type":"WebPage","@id":"https:\/\/www.dexeuscampus.com\/en\/blog\/obstetrics\/study-fetal-cardiac-function-first-trimester-pregnancy\/","url":"https:\/\/www.dexeuscampus.com\/en\/blog\/obstetrics\/study-fetal-cardiac-function-first-trimester-pregnancy\/","name":"A study provides new data to assess fetal cardiac function in the first trimester of pregnancy - Dexeus Campus","isPartOf":{"@id":"https:\/\/www.dexeuscampus.com\/en\/#website"},"primaryImageOfPage":{"@id":"https:\/\/www.dexeuscampus.com\/en\/blog\/obstetrics\/study-fetal-cardiac-function-first-trimester-pregnancy\/#primaryimage"},"image":{"@id":"https:\/\/www.dexeuscampus.com\/en\/blog\/obstetrics\/study-fetal-cardiac-function-first-trimester-pregnancy\/#primaryimage"},"thumbnailUrl":"https:\/\/www.dexeuscampus.com\/wp-content\/uploads\/2024\/03\/estudio-funcion-cardiaca-fetal-1r-trimestre-gestacion.jpg","datePublished":"2024-03-13T13:13:19+00:00","dateModified":"2024-06-07T14:55:21+00:00","description":"The study of fetal cardiac function at the end of first trimester has not been investigated properly, and there is a lack of reference values at early gestational weeks. For this reason, a team of researchers from Dexeus Mujer, led by Dr Pilar Prats...","breadcrumb":{"@id":"https:\/\/www.dexeuscampus.com\/en\/blog\/obstetrics\/study-fetal-cardiac-function-first-trimester-pregnancy\/#breadcrumb"},"inLanguage":"en-US","potentialAction":[{"@type":"ReadAction","target":["https:\/\/www.dexeuscampus.com\/en\/blog\/obstetrics\/study-fetal-cardiac-function-first-trimester-pregnancy\/"]}]},{"@type":"ImageObject","inLanguage":"en-US","@id":"https:\/\/www.dexeuscampus.com\/en\/blog\/obstetrics\/study-fetal-cardiac-function-first-trimester-pregnancy\/#primaryimage","url":"https:\/\/www.dexeuscampus.com\/wp-content\/uploads\/2024\/03\/estudio-funcion-cardiaca-fetal-1r-trimestre-gestacion.jpg","contentUrl":"https:\/\/www.dexeuscampus.com\/wp-content\/uploads\/2024\/03\/estudio-funcion-cardiaca-fetal-1r-trimestre-gestacion.jpg","width":1280,"height":676,"caption":"Un estudio aporta nuevos datos para evaluar la funci\u00f3n cardiaca fetal en el primer trimestre de gestaci\u00f3n"},{"@type":"BreadcrumbList","@id":"https:\/\/www.dexeuscampus.com\/en\/blog\/obstetrics\/study-fetal-cardiac-function-first-trimester-pregnancy\/#breadcrumb","itemListElement":[{"@type":"ListItem","position":1,"name":"Portada","item":"https:\/\/www.dexeuscampus.com\/en\/home\/"},{"@type":"ListItem","position":2,"name":"A study provides new data to assess fetal cardiac function in the first trimester of pregnancy"}]},{"@type":"WebSite","@id":"https:\/\/www.dexeuscampus.com\/en\/#website","url":"https:\/\/www.dexeuscampus.com\/en\/","name":"Dexeus Campus","description":"Plataforma online dirigida a los profesionales especializados en obstetricia, ginecolog\u00eda y reproducci\u00f3n","publisher":{"@id":"https:\/\/www.dexeuscampus.com\/en\/#organization"},"potentialAction":[{"@type":"SearchAction","target":{"@type":"EntryPoint","urlTemplate":"https:\/\/www.dexeuscampus.com\/en\/?s={search_term_string}"},"query-input":{"@type":"PropertyValueSpecification","valueRequired":true,"valueName":"search_term_string"}}],"inLanguage":"en-US"},{"@type":"Organization","@id":"https:\/\/www.dexeuscampus.com\/en\/#organization","name":"DEXEUS CAMPUS. FUNDACION DEXEUS MUJER","url":"https:\/\/www.dexeuscampus.com\/en\/","logo":{"@type":"ImageObject","inLanguage":"en-US","@id":"https:\/\/www.dexeuscampus.com\/en\/#\/schema\/logo\/image\/","url":"https:\/\/www.dexeuscampus.com\/wp-content\/uploads\/2021\/03\/Logo-Campus-Dexeus.png","contentUrl":"https:\/\/www.dexeuscampus.com\/wp-content\/uploads\/2021\/03\/Logo-Campus-Dexeus.png","width":2068,"height":1773,"caption":"DEXEUS CAMPUS. FUNDACION DEXEUS MUJER"},"image":{"@id":"https:\/\/www.dexeuscampus.com\/en\/#\/schema\/logo\/image\/"},"sameAs":["https:\/\/www.facebook.com\/CampusDexeus","https:\/\/x.com\/DexeusCampus","https:\/\/www.youtube.com\/user\/DexeusCampus","https:\/\/vimeo.com\/dexeuscampus","https:\/\/www.linkedin.com\/company\/dexeusmujer"]},{"@type":"Person","@id":"https:\/\/www.dexeuscampus.com\/en\/#\/schema\/person\/48ba4a583d4098b26216190def081203","name":"Daniel G\u00e1miz Rivas","image":{"@type":"ImageObject","inLanguage":"en-US","@id":"https:\/\/secure.gravatar.com\/avatar\/ac09a2b52d2985df5c98037a598fc78645cf024b1bd4638efd8ed48aad3f18c6?s=96&d=mm&r=g","url":"https:\/\/secure.gravatar.com\/avatar\/ac09a2b52d2985df5c98037a598fc78645cf024b1bd4638efd8ed48aad3f18c6?s=96&d=mm&r=g","contentUrl":"https:\/\/secure.gravatar.com\/avatar\/ac09a2b52d2985df5c98037a598fc78645cf024b1bd4638efd8ed48aad3f18c6?s=96&d=mm&r=g","caption":"Daniel G\u00e1miz Rivas"}}]}},"_links":{"self":[{"href":"https:\/\/www.dexeuscampus.com\/en\/wp-json\/wp\/v2\/posts\/29843","targetHints":{"allow":["GET"]}}],"collection":[{"href":"https:\/\/www.dexeuscampus.com\/en\/wp-json\/wp\/v2\/posts"}],"about":[{"href":"https:\/\/www.dexeuscampus.com\/en\/wp-json\/wp\/v2\/types\/post"}],"author":[{"embeddable":true,"href":"https:\/\/www.dexeuscampus.com\/en\/wp-json\/wp\/v2\/users\/3"}],"replies":[{"embeddable":true,"href":"https:\/\/www.dexeuscampus.com\/en\/wp-json\/wp\/v2\/comments?post=29843"}],"version-history":[{"count":0,"href":"https:\/\/www.dexeuscampus.com\/en\/wp-json\/wp\/v2\/posts\/29843\/revisions"}],"wp:featuredmedia":[{"embeddable":true,"href":"https:\/\/www.dexeuscampus.com\/en\/wp-json\/wp\/v2\/media\/29760"}],"wp:attachment":[{"href":"https:\/\/www.dexeuscampus.com\/en\/wp-json\/wp\/v2\/media?parent=29843"}],"wp:term":[{"taxonomy":"category","embeddable":true,"href":"https:\/\/www.dexeuscampus.com\/en\/wp-json\/wp\/v2\/categories?post=29843"},{"taxonomy":"post_tag","embeddable":true,"href":"https:\/\/www.dexeuscampus.com\/en\/wp-json\/wp\/v2\/tags?post=29843"}],"curies":[{"name":"wp","href":"https:\/\/api.w.org\/{rel}","templated":true}]}}